{"id":915,"date":"2025-02-06T13:28:10","date_gmt":"2025-02-06T13:28:10","guid":{"rendered":"https:\/\/salthish.es\/?p=915"},"modified":"2025-02-06T13:28:12","modified_gmt":"2025-02-06T13:28:12","slug":"gala-del-deporte-de-punta-umbria","status":"publish","type":"post","link":"https:\/\/salthish.es\/index.php\/2025\/02\/06\/gala-del-deporte-de-punta-umbria\/","title":{"rendered":"Gala del Deporte de Punta Umbr\u00eda"},"content":{"rendered":"\n<p class=\"wp-block-paragraph\">8 menciones, 3 galardones y el Club con  m\u00e1s deportistas en la Gala.<\/p>\n\n\n\n<p class=\"wp-block-paragraph\">07 de febrero, a las 19:00 en el sal\u00f3n de actos del Hotel Barcel\u00f3 Beach Resort.<\/p>\n\n\n\n<p class=\"wp-block-paragraph\">En <a><\/a>esta ocasi\u00f3n en la Gala organizada por el Ayuntamiento de Punta Umbr\u00eda a trav\u00e9s del <a href=\"https:\/\/www.facebook.com\/smdpuntaumbria?__cft__[0]=AZVD9ZnmZHRnyEoB31dWZczfY1YMceFt1-RoefRpoh9XuLbfRSwnblave0xw77I9o63CTYd-voFABCLXgti02ZSYGCE1x1TLh8Uc0OiVKvXH4OFyuxWIfXBdCxcYfEb4gix0bDZKR2735orCHm_G-mj4ufHnq1Ii84d3Dmc3Yi8fIyXWlScbeyD_HpB3aRvRtENjTFmkTbyOstTJm9QwCLw_&amp;__tn__=-]K-R\">Servicio de Deportes del Ayuntamiento de Punta Umbr\u00eda<\/a>, junto a otros deportistas de diversas actividades deportivas de la localidad, nos sentimos orgullosos de ser el club que m\u00e1s deportistas presenta, gracias a los grandes logros obtenidos por todos ello en este pasado a\u00f1o 2024.<\/p>\n\n\n\n<p class=\"wp-block-paragraph\">Infantil Masculino:<\/p>\n\n\n\n<p class=\"wp-block-paragraph\">Jos\u00e9 Antonio Sosa Garc\u00eda.<\/p>\n\n\n\n<p class=\"wp-block-paragraph\">Ra\u00fal Rodr\u00edguez L\u00f3pez<\/p>\n\n\n\n<p class=\"wp-block-paragraph\">Kenai Polo de la Rosa<\/p>\n\n\n\n<p class=\"wp-block-paragraph\">Juan Mart\u00edn Rodr\u00edguez<\/p>\n\n\n\n<p class=\"wp-block-paragraph\">Infantil Femenino<\/p>\n\n\n\n<p class=\"wp-block-paragraph\">Manuela Rodr\u00edguez Rosa<\/p>\n\n\n\n<p class=\"wp-block-paragraph\">Roc\u00edo Rodr\u00edguez Ferrera<\/p>\n\n\n\n<p class=\"wp-block-paragraph\">Diversidad Funcional Masculino<\/p>\n\n\n\n<p class=\"wp-block-paragraph\">Iker Quintero Bocanegra<\/p>\n\n\n\n<p class=\"wp-block-paragraph\">Daniel Hierro Gonz\u00e1lez<\/p>\n\n\n\n<p class=\"wp-block-paragraph\">Domingo Hierro Gonz\u00e1lez<\/p>\n\n\n\n<p class=\"wp-block-paragraph\">Antonio Rodr\u00edguez \u00c1lvarez<\/p>\n\n\n\n<p class=\"wp-block-paragraph\">Diversidad Funcional Femenina<\/p>\n\n\n\n<p class=\"wp-block-paragraph\">\u00c1gueda Bartolom\u00e9 Beas<\/p>\n\n\n\n<p class=\"wp-block-paragraph\">Gracias a los resultados obtenidos por todos ellos a nivel andaluz, subiendo al podio en varias ocasiones y copando lo m\u00e1s alto de este en muchas de ellas.<\/p>\n\n\n\n<p class=\"wp-block-paragraph\">En el caso de Manuela Rodr\u00edguez Rosa e Iker Quintero Bocanegra, por su participaci\u00f3n en diversos campeonatos nacionales y formar parte de la Selecci\u00f3n Auton\u00f3mica en el Campeonato de Espa\u00f1a de Selecciones Auton\u00f3micas y subiendo al podio tanto en 1\u00aa y 2\u00aa posici\u00f3n en estos eventos nacionales por parte de Iker Quintero Bocanegra, hacen que estos palistas sean galardonados como la Infantil Femenina y el Hombre en Diversidad Funcional.<\/p>\n\n\n\n<p class=\"wp-block-paragraph\">Junto a ellos estar\u00e1 \u00c1gueda Bartolom\u00e9 Beas, Galardonada en Mujer Diversidad Funcional, por los logros obtenidos a nivel auton\u00f3mico, puesto que por su categor\u00eda no pod\u00eda participar a nivel nacional.<\/p>\n\n\n\n<p class=\"wp-block-paragraph\">Translog Barroso \u00abEl Cartayero\u00bb, <a href=\"https:\/\/www.facebook.com\/AcaikAlmudena?__cft__[0]=AZVD9ZnmZHRnyEoB31dWZczfY1YMceFt1-RoefRpoh9XuLbfRSwnblave0xw77I9o63CTYd-voFABCLXgti02ZSYGCE1x1TLh8Uc0OiVKvXH4OFyuxWIfXBdCxcYfEb4gix0bDZKR2735orCHm_G-mj4ufHnq1Ii84d3Dmc3Yi8fIyXWlScbeyD_HpB3aRvRtENjTFmkTbyOstTJm9QwCLw_&amp;__tn__=-]K-R\">Acaik<\/a>, <a href=\"https:\/\/www.facebook.com\/profile.php?id=100070651192292&amp;__cft__[0]=AZVD9ZnmZHRnyEoB31dWZczfY1YMceFt1-RoefRpoh9XuLbfRSwnblave0xw77I9o63CTYd-voFABCLXgti02ZSYGCE1x1TLh8Uc0OiVKvXH4OFyuxWIfXBdCxcYfEb4gix0bDZKR2735orCHm_G-mj4ufHnq1Ii84d3Dmc3Yi8fIyXWlScbeyD_HpB3aRvRtENjTFmkTbyOstTJm9QwCLw_&amp;__tn__=-]K-R\">Terraza Mar De Leva<\/a>, COPISTERIA Vega Y R\u00f3tulos Cordero, <a href=\"https:\/\/www.facebook.com\/tu.hielo.2024?__cft__[0]=AZVD9ZnmZHRnyEoB31dWZczfY1YMceFt1-RoefRpoh9XuLbfRSwnblave0xw77I9o63CTYd-voFABCLXgti02ZSYGCE1x1TLh8Uc0OiVKvXH4OFyuxWIfXBdCxcYfEb4gix0bDZKR2735orCHm_G-mj4ufHnq1Ii84d3Dmc3Yi8fIyXWlScbeyD_HpB3aRvRtENjTFmkTbyOstTJm9QwCLw_&amp;__tn__=-]K-R\">Tu Hielo<\/a>, Kiosco Pedr\u00edn, <a href=\"https:\/\/www.facebook.com\/profile.php?id=100057260416871&amp;__cft__[0]=AZVD9ZnmZHRnyEoB31dWZczfY1YMceFt1-RoefRpoh9XuLbfRSwnblave0xw77I9o63CTYd-voFABCLXgti02ZSYGCE1x1TLh8Uc0OiVKvXH4OFyuxWIfXBdCxcYfEb4gix0bDZKR2735orCHm_G-mj4ufHnq1Ii84d3Dmc3Yi8fIyXWlScbeyD_HpB3aRvRtENjTFmkTbyOstTJm9QwCLw_&amp;__tn__=-]K-R\">Bar freidur\u00eda parada<\/a>, Multiprecios Ana, <a href=\"https:\/\/www.facebook.com\/cerrajerocostadelaluz?__cft__[0]=AZVD9ZnmZHRnyEoB31dWZczfY1YMceFt1-RoefRpoh9XuLbfRSwnblave0xw77I9o63CTYd-voFABCLXgti02ZSYGCE1x1TLh8Uc0OiVKvXH4OFyuxWIfXBdCxcYfEb4gix0bDZKR2735orCHm_G-mj4ufHnq1Ii84d3Dmc3Yi8fIyXWlScbeyD_HpB3aRvRtENjTFmkTbyOstTJm9QwCLw_&amp;__tn__=-]K-R\">cerrajerocostadelaluz.com<\/a>, Tecfrio, <a href=\"https:\/\/www.facebook.com\/perianezria?__cft__[0]=AZVD9ZnmZHRnyEoB31dWZczfY1YMceFt1-RoefRpoh9XuLbfRSwnblave0xw77I9o63CTYd-voFABCLXgti02ZSYGCE1x1TLh8Uc0OiVKvXH4OFyuxWIfXBdCxcYfEb4gix0bDZKR2735orCHm_G-mj4ufHnq1Ii84d3Dmc3Yi8fIyXWlScbeyD_HpB3aRvRtENjTFmkTbyOstTJm9QwCLw_&amp;__tn__=-]K-R\">Peria\u00f1ez R\u00eda<\/a> y Pe\u00f1a Los Flojos.<\/p>\n\n\n\n<p class=\"wp-block-paragraph\"><a href=\"https:\/\/www.facebook.com\/profile.php?id=100072512790629&amp;__cft__[0]=AZVD9ZnmZHRnyEoB31dWZczfY1YMceFt1-RoefRpoh9XuLbfRSwnblave0xw77I9o63CTYd-voFABCLXgti02ZSYGCE1x1TLh8Uc0OiVKvXH4OFyuxWIfXBdCxcYfEb4gix0bDZKR2735orCHm_G-mj4ufHnq1Ii84d3Dmc3Yi8fIyXWlScbeyD_HpB3aRvRtENjTFmkTbyOstTJm9QwCLw_&amp;__tn__=-]K-R\">Ayuntamiento De Punta Umbr\u00eda<\/a>, <a href=\"https:\/\/www.facebook.com\/Dingonatura?__cft__[0]=AZVD9ZnmZHRnyEoB31dWZczfY1YMceFt1-RoefRpoh9XuLbfRSwnblave0xw77I9o63CTYd-voFABCLXgti02ZSYGCE1x1TLh8Uc0OiVKvXH4OFyuxWIfXBdCxcYfEb4gix0bDZKR2735orCHm_G-mj4ufHnq1Ii84d3Dmc3Yi8fIyXWlScbeyD_HpB3aRvRtENjTFmkTbyOstTJm9QwCLw_&amp;__tn__=-]K-R\">Dingonatura<\/a>, <a href=\"https:\/\/www.facebook.com\/turismoAND?__cft__[0]=AZVD9ZnmZHRnyEoB31dWZczfY1YMceFt1-RoefRpoh9XuLbfRSwnblave0xw77I9o63CTYd-voFABCLXgti02ZSYGCE1x1TLh8Uc0OiVKvXH4OFyuxWIfXBdCxcYfEb4gix0bDZKR2735orCHm_G-mj4ufHnq1Ii84d3Dmc3Yi8fIyXWlScbeyD_HpB3aRvRtENjTFmkTbyOstTJm9QwCLw_&amp;__tn__=-]K-R\">Turismo &#8211; Deporte Junta de Andaluc\u00eda<\/a><\/p>\n\n\n\n<figure class=\"wp-block-gallery has-nested-images columns-default is-cropped wp-block-gallery-1 is-layout-flex wp-block-gallery-is-layout-flex\">\n<figure class=\"wp-block-image size-large\"><img loading=\"lazy\" decoding=\"async\" width=\"1024\" height=\"478\" data-id=\"918\" src=\"https:\/\/salthish.es\/wp-content\/uploads\/2025\/02\/WhatsApp-Image-2025-02-01-at-20.29.36-1024x478.jpeg\" alt=\"\" class=\"wp-image-918\" srcset=\"https:\/\/salthish.es\/wp-content\/uploads\/2025\/02\/WhatsApp-Image-2025-02-01-at-20.29.36-1024x478.jpeg 1024w, https:\/\/salthish.es\/wp-content\/uploads\/2025\/02\/WhatsApp-Image-2025-02-01-at-20.29.36-300x140.jpeg 300w, https:\/\/salthish.es\/wp-content\/uploads\/2025\/02\/WhatsApp-Image-2025-02-01-at-20.29.36-768x359.jpeg 768w, https:\/\/salthish.es\/wp-content\/uploads\/2025\/02\/WhatsApp-Image-2025-02-01-at-20.29.36-1536x717.jpeg 1536w, https:\/\/salthish.es\/wp-content\/uploads\/2025\/02\/WhatsApp-Image-2025-02-01-at-20.29.36.jpeg 2000w\" sizes=\"auto, (max-width: 1024px) 100vw, 1024px\" \/><figcaption class=\"wp-element-caption\">Juan Mart\u00edn Rodr\u00edguez<\/figcaption><\/figure>\n\n\n\n<figure class=\"wp-block-image size-large\"><img loading=\"lazy\" decoding=\"async\" width=\"1024\" height=\"682\" data-id=\"919\" src=\"https:\/\/salthish.es\/wp-content\/uploads\/2025\/02\/WhatsApp-Image-2025-02-01-at-19.37.00-1024x682.jpeg\" alt=\"\" class=\"wp-image-919\" srcset=\"https:\/\/salthish.es\/wp-content\/uploads\/2025\/02\/WhatsApp-Image-2025-02-01-at-19.37.00-1024x682.jpeg 1024w, https:\/\/salthish.es\/wp-content\/uploads\/2025\/02\/WhatsApp-Image-2025-02-01-at-19.37.00-300x200.jpeg 300w, https:\/\/salthish.es\/wp-content\/uploads\/2025\/02\/WhatsApp-Image-2025-02-01-at-19.37.00-768x512.jpeg 768w, https:\/\/salthish.es\/wp-content\/uploads\/2025\/02\/WhatsApp-Image-2025-02-01-at-19.37.00-1536x1023.jpeg 1536w, https:\/\/salthish.es\/wp-content\/uploads\/2025\/02\/WhatsApp-Image-2025-02-01-at-19.37.00.jpeg 1600w\" sizes=\"auto, (max-width: 1024px) 100vw, 1024px\" \/><figcaption class=\"wp-element-caption\">Antonio Rodr\u00edguez \u00c1lvarez<\/figcaption><\/figure>\n\n\n\n<figure class=\"wp-block-image size-large\"><img loading=\"lazy\" decoding=\"async\" width=\"1024\" height=\"682\" data-id=\"920\" src=\"https:\/\/salthish.es\/wp-content\/uploads\/2025\/02\/WhatsApp-Image-2025-02-01-at-19.33.29-1024x682.jpeg\" alt=\"\" class=\"wp-image-920\" srcset=\"https:\/\/salthish.es\/wp-content\/uploads\/2025\/02\/WhatsApp-Image-2025-02-01-at-19.33.29-1024x682.jpeg 1024w, https:\/\/salthish.es\/wp-content\/uploads\/2025\/02\/WhatsApp-Image-2025-02-01-at-19.33.29-300x200.jpeg 300w, https:\/\/salthish.es\/wp-content\/uploads\/2025\/02\/WhatsApp-Image-2025-02-01-at-19.33.29-768x512.jpeg 768w, https:\/\/salthish.es\/wp-content\/uploads\/2025\/02\/WhatsApp-Image-2025-02-01-at-19.33.29-1536x1023.jpeg 1536w, https:\/\/salthish.es\/wp-content\/uploads\/2025\/02\/WhatsApp-Image-2025-02-01-at-19.33.29.jpeg 1600w\" sizes=\"auto, (max-width: 1024px) 100vw, 1024px\" \/><figcaption class=\"wp-element-caption\">Ra\u00fal Rodr\u00edguez L\u00f3pez<\/figcaption><\/figure>\n\n\n\n<figure class=\"wp-block-image size-large\"><img loading=\"lazy\" decoding=\"async\" width=\"1024\" height=\"736\" data-id=\"921\" src=\"https:\/\/salthish.es\/wp-content\/uploads\/2025\/02\/WhatsApp-Image-2025-02-01-at-19.24.59-1024x736.jpeg\" alt=\"\" class=\"wp-image-921\" srcset=\"https:\/\/salthish.es\/wp-content\/uploads\/2025\/02\/WhatsApp-Image-2025-02-01-at-19.24.59-1024x736.jpeg 1024w, https:\/\/salthish.es\/wp-content\/uploads\/2025\/02\/WhatsApp-Image-2025-02-01-at-19.24.59-300x216.jpeg 300w, https:\/\/salthish.es\/wp-content\/uploads\/2025\/02\/WhatsApp-Image-2025-02-01-at-19.24.59-768x552.jpeg 768w, https:\/\/salthish.es\/wp-content\/uploads\/2025\/02\/WhatsApp-Image-2025-02-01-at-19.24.59.jpeg 1066w\" sizes=\"auto, (max-width: 1024px) 100vw, 1024px\" \/><figcaption class=\"wp-element-caption\">Daniel Hierro Gonz\u00e1lez<\/figcaption><\/figure>\n\n\n\n<figure class=\"wp-block-image size-large\"><img loading=\"lazy\" decoding=\"async\" width=\"1024\" height=\"683\" data-id=\"922\" src=\"https:\/\/salthish.es\/wp-content\/uploads\/2025\/02\/DSC_3331-1024x683.jpg\" alt=\"\" class=\"wp-image-922\" srcset=\"https:\/\/salthish.es\/wp-content\/uploads\/2025\/02\/DSC_3331-1024x683.jpg 1024w, https:\/\/salthish.es\/wp-content\/uploads\/2025\/02\/DSC_3331-300x200.jpg 300w, https:\/\/salthish.es\/wp-content\/uploads\/2025\/02\/DSC_3331-768x512.jpg 768w, https:\/\/salthish.es\/wp-content\/uploads\/2025\/02\/DSC_3331.jpg 1200w\" sizes=\"auto, (max-width: 1024px) 100vw, 1024px\" \/><figcaption class=\"wp-element-caption\">Kenai Polo de la Rosa<\/figcaption><\/figure>\n\n\n\n<figure class=\"wp-block-image size-large\"><img loading=\"lazy\" decoding=\"async\" width=\"1024\" height=\"683\" data-id=\"923\" src=\"https:\/\/salthish.es\/wp-content\/uploads\/2025\/02\/DSC_2839-1024x683.jpg\" alt=\"\" class=\"wp-image-923\" srcset=\"https:\/\/salthish.es\/wp-content\/uploads\/2025\/02\/DSC_2839-1024x683.jpg 1024w, https:\/\/salthish.es\/wp-content\/uploads\/2025\/02\/DSC_2839-300x200.jpg 300w, https:\/\/salthish.es\/wp-content\/uploads\/2025\/02\/DSC_2839-768x512.jpg 768w, https:\/\/salthish.es\/wp-content\/uploads\/2025\/02\/DSC_2839.jpg 1200w\" sizes=\"auto, (max-width: 1024px) 100vw, 1024px\" \/><figcaption class=\"wp-element-caption\">Jos\u00e9 Antonio Sosa Garc\u00eda<\/figcaption><\/figure>\n\n\n\n<figure class=\"wp-block-image size-large\"><img loading=\"lazy\" decoding=\"async\" width=\"1024\" height=\"683\" data-id=\"924\" src=\"https:\/\/salthish.es\/wp-content\/uploads\/2025\/02\/DSC_2850-1024x683.jpg\" alt=\"\" class=\"wp-image-924\" srcset=\"https:\/\/salthish.es\/wp-content\/uploads\/2025\/02\/DSC_2850-1024x683.jpg 1024w, https:\/\/salthish.es\/wp-content\/uploads\/2025\/02\/DSC_2850-300x200.jpg 300w, https:\/\/salthish.es\/wp-content\/uploads\/2025\/02\/DSC_2850-768x512.jpg 768w, https:\/\/salthish.es\/wp-content\/uploads\/2025\/02\/DSC_2850.jpg 1200w\" sizes=\"auto, (max-width: 1024px) 100vw, 1024px\" \/><figcaption class=\"wp-element-caption\">Iker Quintero Bocanegra<\/figcaption><\/figure>\n\n\n\n<figure class=\"wp-block-image size-large\"><img loading=\"lazy\" decoding=\"async\" width=\"1024\" height=\"683\" data-id=\"925\" src=\"https:\/\/salthish.es\/wp-content\/uploads\/2025\/02\/DSC_2909-1024x683.jpg\" alt=\"\" class=\"wp-image-925\" srcset=\"https:\/\/salthish.es\/wp-content\/uploads\/2025\/02\/DSC_2909-1024x683.jpg 1024w, https:\/\/salthish.es\/wp-content\/uploads\/2025\/02\/DSC_2909-300x200.jpg 300w, https:\/\/salthish.es\/wp-content\/uploads\/2025\/02\/DSC_2909-768x512.jpg 768w, https:\/\/salthish.es\/wp-content\/uploads\/2025\/02\/DSC_2909.jpg 1200w\" sizes=\"auto, (max-width: 1024px) 100vw, 1024px\" \/><figcaption class=\"wp-element-caption\">Domingo Hierro Gonz\u00e1lez<\/figcaption><\/figure>\n\n\n\n<figure class=\"wp-block-image size-large\"><img loading=\"lazy\" decoding=\"async\" width=\"1024\" height=\"683\" data-id=\"926\" src=\"https:\/\/salthish.es\/wp-content\/uploads\/2025\/02\/DSC_2972-1024x683.jpg\" alt=\"\" class=\"wp-image-926\" srcset=\"https:\/\/salthish.es\/wp-content\/uploads\/2025\/02\/DSC_2972-1024x683.jpg 1024w, https:\/\/salthish.es\/wp-content\/uploads\/2025\/02\/DSC_2972-300x200.jpg 300w, https:\/\/salthish.es\/wp-content\/uploads\/2025\/02\/DSC_2972-768x512.jpg 768w, https:\/\/salthish.es\/wp-content\/uploads\/2025\/02\/DSC_2972.jpg 1200w\" sizes=\"auto, (max-width: 1024px) 100vw, 1024px\" \/><figcaption class=\"wp-element-caption\">Roc\u00edo Rodr\u00edguez Ferrera<\/figcaption><\/figure>\n\n\n\n<figure class=\"wp-block-image size-large\"><img loading=\"lazy\" decoding=\"async\" width=\"1024\" height=\"683\" data-id=\"927\" src=\"https:\/\/salthish.es\/wp-content\/uploads\/2025\/02\/DSC_3100-1024x683.jpg\" alt=\"\" class=\"wp-image-927\" srcset=\"https:\/\/salthish.es\/wp-content\/uploads\/2025\/02\/DSC_3100-1024x683.jpg 1024w, https:\/\/salthish.es\/wp-content\/uploads\/2025\/02\/DSC_3100-300x200.jpg 300w, https:\/\/salthish.es\/wp-content\/uploads\/2025\/02\/DSC_3100-768x512.jpg 768w, https:\/\/salthish.es\/wp-content\/uploads\/2025\/02\/DSC_3100.jpg 1200w\" sizes=\"auto, (max-width: 1024px) 100vw, 1024px\" \/><figcaption class=\"wp-element-caption\">Manuela Rodr\u00edguez Rosa<\/figcaption><\/figure>\n\n\n\n<figure class=\"wp-block-image size-large\"><img loading=\"lazy\" decoding=\"async\" width=\"1024\" height=\"682\" data-id=\"928\" src=\"https:\/\/salthish.es\/wp-content\/uploads\/2025\/02\/WhatsApp-Image-2025-02-01-at-19.31.44-1024x682.jpeg\" alt=\"\" class=\"wp-image-928\" srcset=\"https:\/\/salthish.es\/wp-content\/uploads\/2025\/02\/WhatsApp-Image-2025-02-01-at-19.31.44-1024x682.jpeg 1024w, https:\/\/salthish.es\/wp-content\/uploads\/2025\/02\/WhatsApp-Image-2025-02-01-at-19.31.44-300x200.jpeg 300w, https:\/\/salthish.es\/wp-content\/uploads\/2025\/02\/WhatsApp-Image-2025-02-01-at-19.31.44-768x512.jpeg 768w, https:\/\/salthish.es\/wp-content\/uploads\/2025\/02\/WhatsApp-Image-2025-02-01-at-19.31.44-1536x1023.jpeg 1536w, https:\/\/salthish.es\/wp-content\/uploads\/2025\/02\/WhatsApp-Image-2025-02-01-at-19.31.44.jpeg 1600w\" sizes=\"auto, (max-width: 1024px) 100vw, 1024px\" \/><figcaption class=\"wp-element-caption\">\u00c1gueda Bartolom\u00e9 Beas<\/figcaption><\/figure>\n<\/figure>\n","protected":false},"excerpt":{"rendered":"<p>8 menciones, 3 galardones y el Club con m\u00e1s deportistas en la Gala. 07 de febrero, a las 19:00 en el sal\u00f3n de actos del Hotel Barcel\u00f3 Beach Resort. En esta ocasi\u00f3n en la Gala organizada por el Ayuntamiento de Punta Umbr\u00eda a trav\u00e9s del Servicio de Deportes del Ayuntamiento de Punta Umbr\u00eda, junto a [&hellip;]<\/p>\n","protected":false},"author":1,"featured_media":917,"comment_status":"open","ping_status":"open","sticky":false,"template":"","format":"standard","meta":{"_jetpack_newsletter_access":"","_jetpack_dont_email_post_to_subs":false,"_jetpack_newsletter_tier_id":0,"_jetpack_memberships_contains_paywalled_content":false,"_jetpack_memberships_contains_paid_content":false,"footnotes":""},"categories":[1],"tags":[],"class_list":["post-915","post","type-post","status-publish","format-standard","has-post-thumbnail","hentry","category-uncategorized"],"yoast_head":"<!-- This site is optimized with the Yoast SEO plugin v28.3 - https:\/\/yoast.com\/product\/yoast-seo-wordpress\/ -->\n<title>Gala del Deporte de Punta Umbr\u00eda - CLUB PIRAG\u00dcISMO SALTHISH PUNTA UMBR\u00cdA<\/title>\n<meta name=\"robots\" content=\"index, follow, max-snippet:-1, max-image-preview:large, max-video-preview:-1\" \/>\n<link rel=\"canonical\" href=\"https:\/\/salthish.es\/index.php\/2025\/02\/06\/gala-del-deporte-de-punta-umbria\/\" \/>\n<meta property=\"og:locale\" content=\"es_ES\" \/>\n<meta property=\"og:type\" content=\"article\" \/>\n<meta property=\"og:title\" content=\"Gala del Deporte de Punta Umbr\u00eda - CLUB PIRAG\u00dcISMO SALTHISH PUNTA UMBR\u00cdA\" \/>\n<meta property=\"og:description\" content=\"8 menciones, 3 galardones y el Club con m\u00e1s deportistas en la Gala. 07 de febrero, a las 19:00 en el sal\u00f3n de actos del Hotel Barcel\u00f3 Beach Resort. En esta ocasi\u00f3n en la Gala organizada por el Ayuntamiento de Punta Umbr\u00eda a trav\u00e9s del Servicio de Deportes del Ayuntamiento de Punta Umbr\u00eda, junto a [&hellip;]\" \/>\n<meta property=\"og:url\" content=\"https:\/\/salthish.es\/index.php\/2025\/02\/06\/gala-del-deporte-de-punta-umbria\/\" \/>\n<meta property=\"og:site_name\" content=\"CLUB PIRAG\u00dcISMO SALTHISH PUNTA UMBR\u00cdA\" \/>\n<meta property=\"article:published_time\" content=\"2025-02-06T13:28:10+00:00\" \/>\n<meta property=\"article:modified_time\" content=\"2025-02-06T13:28:12+00:00\" \/>\n<meta property=\"og:image\" content=\"https:\/\/salthish.es\/wp-content\/uploads\/2025\/02\/Cartel.jpg\" \/>\n\t<meta property=\"og:image:width\" content=\"1731\" \/>\n\t<meta property=\"og:image:height\" content=\"2448\" \/>\n\t<meta property=\"og:image:type\" content=\"image\/jpeg\" \/>\n<meta name=\"author\" content=\"admin\" \/>\n<meta name=\"twitter:card\" content=\"summary_large_image\" \/>\n<meta name=\"twitter:label1\" content=\"Escrito por\" \/>\n\t<meta name=\"twitter:data1\" content=\"admin\" \/>\n\t<meta name=\"twitter:label2\" content=\"Tiempo de lectura\" \/>\n\t<meta name=\"twitter:data2\" content=\"4 minutos\" \/>\n<script type=\"application\/ld+json\" class=\"yoast-schema-graph\">{\"@context\":\"https:\\\/\\\/schema.org\",\"@graph\":[{\"@type\":\"Article\",\"@id\":\"https:\\\/\\\/salthish.es\\\/index.php\\\/2025\\\/02\\\/06\\\/gala-del-deporte-de-punta-umbria\\\/#article\",\"isPartOf\":{\"@id\":\"https:\\\/\\\/salthish.es\\\/index.php\\\/2025\\\/02\\\/06\\\/gala-del-deporte-de-punta-umbria\\\/\"},\"author\":{\"name\":\"admin\",\"@id\":\"https:\\\/\\\/salthish.es\\\/#\\\/schema\\\/person\\\/f0ee321fba369019f9c670130a460102\"},\"headline\":\"Gala del Deporte de Punta Umbr\u00eda\",\"datePublished\":\"2025-02-06T13:28:10+00:00\",\"dateModified\":\"2025-02-06T13:28:12+00:00\",\"mainEntityOfPage\":{\"@id\":\"https:\\\/\\\/salthish.es\\\/index.php\\\/2025\\\/02\\\/06\\\/gala-del-deporte-de-punta-umbria\\\/\"},\"wordCount\":392,\"commentCount\":0,\"publisher\":{\"@id\":\"https:\\\/\\\/salthish.es\\\/#organization\"},\"image\":{\"@id\":\"https:\\\/\\\/salthish.es\\\/index.php\\\/2025\\\/02\\\/06\\\/gala-del-deporte-de-punta-umbria\\\/#primaryimage\"},\"thumbnailUrl\":\"https:\\\/\\\/salthish.es\\\/wp-content\\\/uploads\\\/2025\\\/02\\\/Cartel.jpg\",\"articleSection\":[\"Uncategorized\"],\"inLanguage\":\"es\",\"potentialAction\":[{\"@type\":\"CommentAction\",\"name\":\"Comment\",\"target\":[\"https:\\\/\\\/salthish.es\\\/index.php\\\/2025\\\/02\\\/06\\\/gala-del-deporte-de-punta-umbria\\\/#respond\"]}]},{\"@type\":\"WebPage\",\"@id\":\"https:\\\/\\\/salthish.es\\\/index.php\\\/2025\\\/02\\\/06\\\/gala-del-deporte-de-punta-umbria\\\/\",\"url\":\"https:\\\/\\\/salthish.es\\\/index.php\\\/2025\\\/02\\\/06\\\/gala-del-deporte-de-punta-umbria\\\/\",\"name\":\"Gala del Deporte de Punta Umbr\u00eda - CLUB PIRAG\u00dcISMO SALTHISH PUNTA UMBR\u00cdA\",\"isPartOf\":{\"@id\":\"https:\\\/\\\/salthish.es\\\/#website\"},\"primaryImageOfPage\":{\"@id\":\"https:\\\/\\\/salthish.es\\\/index.php\\\/2025\\\/02\\\/06\\\/gala-del-deporte-de-punta-umbria\\\/#primaryimage\"},\"image\":{\"@id\":\"https:\\\/\\\/salthish.es\\\/index.php\\\/2025\\\/02\\\/06\\\/gala-del-deporte-de-punta-umbria\\\/#primaryimage\"},\"thumbnailUrl\":\"https:\\\/\\\/salthish.es\\\/wp-content\\\/uploads\\\/2025\\\/02\\\/Cartel.jpg\",\"datePublished\":\"2025-02-06T13:28:10+00:00\",\"dateModified\":\"2025-02-06T13:28:12+00:00\",\"breadcrumb\":{\"@id\":\"https:\\\/\\\/salthish.es\\\/index.php\\\/2025\\\/02\\\/06\\\/gala-del-deporte-de-punta-umbria\\\/#breadcrumb\"},\"inLanguage\":\"es\",\"potentialAction\":[{\"@type\":\"ReadAction\",\"target\":[\"https:\\\/\\\/salthish.es\\\/index.php\\\/2025\\\/02\\\/06\\\/gala-del-deporte-de-punta-umbria\\\/\"]}]},{\"@type\":\"ImageObject\",\"inLanguage\":\"es\",\"@id\":\"https:\\\/\\\/salthish.es\\\/index.php\\\/2025\\\/02\\\/06\\\/gala-del-deporte-de-punta-umbria\\\/#primaryimage\",\"url\":\"https:\\\/\\\/salthish.es\\\/wp-content\\\/uploads\\\/2025\\\/02\\\/Cartel.jpg\",\"contentUrl\":\"https:\\\/\\\/salthish.es\\\/wp-content\\\/uploads\\\/2025\\\/02\\\/Cartel.jpg\",\"width\":1731,\"height\":2448},{\"@type\":\"BreadcrumbList\",\"@id\":\"https:\\\/\\\/salthish.es\\\/index.php\\\/2025\\\/02\\\/06\\\/gala-del-deporte-de-punta-umbria\\\/#breadcrumb\",\"itemListElement\":[{\"@type\":\"ListItem\",\"position\":1,\"name\":\"Portada\",\"item\":\"https:\\\/\\\/salthish.es\\\/\"},{\"@type\":\"ListItem\",\"position\":2,\"name\":\"Gala del Deporte de Punta Umbr\u00eda\"}]},{\"@type\":\"WebSite\",\"@id\":\"https:\\\/\\\/salthish.es\\\/#website\",\"url\":\"https:\\\/\\\/salthish.es\\\/\",\"name\":\"CLUB PIRAG\u00dcISMO SALTHISH PUNTA UMBR\u00cdA\",\"description\":\"Club destinado a la  practica, ense\u00f1anza y actividades del pirag\u00fcismo\",\"publisher\":{\"@id\":\"https:\\\/\\\/salthish.es\\\/#organization\"},\"potentialAction\":[{\"@type\":\"SearchAction\",\"target\":{\"@type\":\"EntryPoint\",\"urlTemplate\":\"https:\\\/\\\/salthish.es\\\/?s={search_term_string}\"},\"query-input\":{\"@type\":\"PropertyValueSpecification\",\"valueRequired\":true,\"valueName\":\"search_term_string\"}}],\"inLanguage\":\"es\"},{\"@type\":\"Organization\",\"@id\":\"https:\\\/\\\/salthish.es\\\/#organization\",\"name\":\"CLUB PIRAG\u00dcISMO SALTHISH PUNTA UMBR\u00cdA\",\"url\":\"https:\\\/\\\/salthish.es\\\/\",\"logo\":{\"@type\":\"ImageObject\",\"inLanguage\":\"es\",\"@id\":\"https:\\\/\\\/salthish.es\\\/#\\\/schema\\\/logo\\\/image\\\/\",\"url\":\"https:\\\/\\\/salthish.es\\\/wp-content\\\/uploads\\\/2024\\\/05\\\/Logo-Monocromo.png\",\"contentUrl\":\"https:\\\/\\\/salthish.es\\\/wp-content\\\/uploads\\\/2024\\\/05\\\/Logo-Monocromo.png\",\"width\":352,\"height\":352,\"caption\":\"CLUB PIRAG\u00dcISMO SALTHISH PUNTA UMBR\u00cdA\"},\"image\":{\"@id\":\"https:\\\/\\\/salthish.es\\\/#\\\/schema\\\/logo\\\/image\\\/\"}},{\"@type\":\"Person\",\"@id\":\"https:\\\/\\\/salthish.es\\\/#\\\/schema\\\/person\\\/f0ee321fba369019f9c670130a460102\",\"name\":\"admin\",\"image\":{\"@type\":\"ImageObject\",\"inLanguage\":\"es\",\"@id\":\"https:\\\/\\\/secure.gravatar.com\\\/avatar\\\/e9e43f25bb24372343af2ff6cdc5969a20bf03125fec5dbd5c56a8c7af1309c0?s=96&d=mm&r=g\",\"url\":\"https:\\\/\\\/secure.gravatar.com\\\/avatar\\\/e9e43f25bb24372343af2ff6cdc5969a20bf03125fec5dbd5c56a8c7af1309c0?s=96&d=mm&r=g\",\"contentUrl\":\"https:\\\/\\\/secure.gravatar.com\\\/avatar\\\/e9e43f25bb24372343af2ff6cdc5969a20bf03125fec5dbd5c56a8c7af1309c0?s=96&d=mm&r=g\",\"caption\":\"admin\"},\"sameAs\":[\"https:\\\/\\\/salthish.es\"],\"url\":\"https:\\\/\\\/salthish.es\\\/index.php\\\/author\\\/miguel\\\/\"}]}<\/script>\n<!-- \/ Yoast SEO plugin. -->","yoast_head_json":{"title":"Gala del Deporte de Punta Umbr\u00eda - CLUB PIRAG\u00dcISMO SALTHISH PUNTA UMBR\u00cdA","robots":{"index":"index","follow":"follow","max-snippet":"max-snippet:-1","max-image-preview":"max-image-preview:large","max-video-preview":"max-video-preview:-1"},"canonical":"https:\/\/salthish.es\/index.php\/2025\/02\/06\/gala-del-deporte-de-punta-umbria\/","og_locale":"es_ES","og_type":"article","og_title":"Gala del Deporte de Punta Umbr\u00eda - CLUB PIRAG\u00dcISMO SALTHISH PUNTA UMBR\u00cdA","og_description":"8 menciones, 3 galardones y el Club con m\u00e1s deportistas en la Gala. 07 de febrero, a las 19:00 en el sal\u00f3n de actos del Hotel Barcel\u00f3 Beach Resort. En esta ocasi\u00f3n en la Gala organizada por el Ayuntamiento de Punta Umbr\u00eda a trav\u00e9s del Servicio de Deportes del Ayuntamiento de Punta Umbr\u00eda, junto a [&hellip;]","og_url":"https:\/\/salthish.es\/index.php\/2025\/02\/06\/gala-del-deporte-de-punta-umbria\/","og_site_name":"CLUB PIRAG\u00dcISMO SALTHISH PUNTA UMBR\u00cdA","article_published_time":"2025-02-06T13:28:10+00:00","article_modified_time":"2025-02-06T13:28:12+00:00","og_image":[{"width":1731,"height":2448,"url":"https:\/\/salthish.es\/wp-content\/uploads\/2025\/02\/Cartel.jpg","type":"image\/jpeg"}],"author":"admin","twitter_card":"summary_large_image","twitter_misc":{"Escrito por":"admin","Tiempo de lectura":"4 minutos"},"schema":{"@context":"https:\/\/schema.org","@graph":[{"@type":"Article","@id":"https:\/\/salthish.es\/index.php\/2025\/02\/06\/gala-del-deporte-de-punta-umbria\/#article","isPartOf":{"@id":"https:\/\/salthish.es\/index.php\/2025\/02\/06\/gala-del-deporte-de-punta-umbria\/"},"author":{"name":"admin","@id":"https:\/\/salthish.es\/#\/schema\/person\/f0ee321fba369019f9c670130a460102"},"headline":"Gala del Deporte de Punta Umbr\u00eda","datePublished":"2025-02-06T13:28:10+00:00","dateModified":"2025-02-06T13:28:12+00:00","mainEntityOfPage":{"@id":"https:\/\/salthish.es\/index.php\/2025\/02\/06\/gala-del-deporte-de-punta-umbria\/"},"wordCount":392,"commentCount":0,"publisher":{"@id":"https:\/\/salthish.es\/#organization"},"image":{"@id":"https:\/\/salthish.es\/index.php\/2025\/02\/06\/gala-del-deporte-de-punta-umbria\/#primaryimage"},"thumbnailUrl":"https:\/\/salthish.es\/wp-content\/uploads\/2025\/02\/Cartel.jpg","articleSection":["Uncategorized"],"inLanguage":"es","potentialAction":[{"@type":"CommentAction","name":"Comment","target":["https:\/\/salthish.es\/index.php\/2025\/02\/06\/gala-del-deporte-de-punta-umbria\/#respond"]}]},{"@type":"WebPage","@id":"https:\/\/salthish.es\/index.php\/2025\/02\/06\/gala-del-deporte-de-punta-umbria\/","url":"https:\/\/salthish.es\/index.php\/2025\/02\/06\/gala-del-deporte-de-punta-umbria\/","name":"Gala del Deporte de Punta Umbr\u00eda - CLUB PIRAG\u00dcISMO SALTHISH PUNTA UMBR\u00cdA","isPartOf":{"@id":"https:\/\/salthish.es\/#website"},"primaryImageOfPage":{"@id":"https:\/\/salthish.es\/index.php\/2025\/02\/06\/gala-del-deporte-de-punta-umbria\/#primaryimage"},"image":{"@id":"https:\/\/salthish.es\/index.php\/2025\/02\/06\/gala-del-deporte-de-punta-umbria\/#primaryimage"},"thumbnailUrl":"https:\/\/salthish.es\/wp-content\/uploads\/2025\/02\/Cartel.jpg","datePublished":"2025-02-06T13:28:10+00:00","dateModified":"2025-02-06T13:28:12+00:00","breadcrumb":{"@id":"https:\/\/salthish.es\/index.php\/2025\/02\/06\/gala-del-deporte-de-punta-umbria\/#breadcrumb"},"inLanguage":"es","potentialAction":[{"@type":"ReadAction","target":["https:\/\/salthish.es\/index.php\/2025\/02\/06\/gala-del-deporte-de-punta-umbria\/"]}]},{"@type":"ImageObject","inLanguage":"es","@id":"https:\/\/salthish.es\/index.php\/2025\/02\/06\/gala-del-deporte-de-punta-umbria\/#primaryimage","url":"https:\/\/salthish.es\/wp-content\/uploads\/2025\/02\/Cartel.jpg","contentUrl":"https:\/\/salthish.es\/wp-content\/uploads\/2025\/02\/Cartel.jpg","width":1731,"height":2448},{"@type":"BreadcrumbList","@id":"https:\/\/salthish.es\/index.php\/2025\/02\/06\/gala-del-deporte-de-punta-umbria\/#breadcrumb","itemListElement":[{"@type":"ListItem","position":1,"name":"Portada","item":"https:\/\/salthish.es\/"},{"@type":"ListItem","position":2,"name":"Gala del Deporte de Punta Umbr\u00eda"}]},{"@type":"WebSite","@id":"https:\/\/salthish.es\/#website","url":"https:\/\/salthish.es\/","name":"CLUB PIRAG\u00dcISMO SALTHISH PUNTA UMBR\u00cdA","description":"Club destinado a la  practica, ense\u00f1anza y actividades del pirag\u00fcismo","publisher":{"@id":"https:\/\/salthish.es\/#organization"},"potentialAction":[{"@type":"SearchAction","target":{"@type":"EntryPoint","urlTemplate":"https:\/\/salthish.es\/?s={search_term_string}"},"query-input":{"@type":"PropertyValueSpecification","valueRequired":true,"valueName":"search_term_string"}}],"inLanguage":"es"},{"@type":"Organization","@id":"https:\/\/salthish.es\/#organization","name":"CLUB PIRAG\u00dcISMO SALTHISH PUNTA UMBR\u00cdA","url":"https:\/\/salthish.es\/","logo":{"@type":"ImageObject","inLanguage":"es","@id":"https:\/\/salthish.es\/#\/schema\/logo\/image\/","url":"https:\/\/salthish.es\/wp-content\/uploads\/2024\/05\/Logo-Monocromo.png","contentUrl":"https:\/\/salthish.es\/wp-content\/uploads\/2024\/05\/Logo-Monocromo.png","width":352,"height":352,"caption":"CLUB PIRAG\u00dcISMO SALTHISH PUNTA UMBR\u00cdA"},"image":{"@id":"https:\/\/salthish.es\/#\/schema\/logo\/image\/"}},{"@type":"Person","@id":"https:\/\/salthish.es\/#\/schema\/person\/f0ee321fba369019f9c670130a460102","name":"admin","image":{"@type":"ImageObject","inLanguage":"es","@id":"https:\/\/secure.gravatar.com\/avatar\/e9e43f25bb24372343af2ff6cdc5969a20bf03125fec5dbd5c56a8c7af1309c0?s=96&d=mm&r=g","url":"https:\/\/secure.gravatar.com\/avatar\/e9e43f25bb24372343af2ff6cdc5969a20bf03125fec5dbd5c56a8c7af1309c0?s=96&d=mm&r=g","contentUrl":"https:\/\/secure.gravatar.com\/avatar\/e9e43f25bb24372343af2ff6cdc5969a20bf03125fec5dbd5c56a8c7af1309c0?s=96&d=mm&r=g","caption":"admin"},"sameAs":["https:\/\/salthish.es"],"url":"https:\/\/salthish.es\/index.php\/author\/miguel\/"}]}},"jetpack_sharing_enabled":true,"jetpack_featured_media_url":"https:\/\/salthish.es\/wp-content\/uploads\/2025\/02\/Cartel.jpg","_links":{"self":[{"href":"https:\/\/salthish.es\/index.php\/wp-json\/wp\/v2\/posts\/915","targetHints":{"allow":["GET"]}}],"collection":[{"href":"https:\/\/salthish.es\/index.php\/wp-json\/wp\/v2\/posts"}],"about":[{"href":"https:\/\/salthish.es\/index.php\/wp-json\/wp\/v2\/types\/post"}],"author":[{"embeddable":true,"href":"https:\/\/salthish.es\/index.php\/wp-json\/wp\/v2\/users\/1"}],"replies":[{"embeddable":true,"href":"https:\/\/salthish.es\/index.php\/wp-json\/wp\/v2\/comments?post=915"}],"version-history":[{"count":1,"href":"https:\/\/salthish.es\/index.php\/wp-json\/wp\/v2\/posts\/915\/revisions"}],"predecessor-version":[{"id":929,"href":"https:\/\/salthish.es\/index.php\/wp-json\/wp\/v2\/posts\/915\/revisions\/929"}],"wp:featuredmedia":[{"embeddable":true,"href":"https:\/\/salthish.es\/index.php\/wp-json\/wp\/v2\/media\/917"}],"wp:attachment":[{"href":"https:\/\/salthish.es\/index.php\/wp-json\/wp\/v2\/media?parent=915"}],"wp:term":[{"taxonomy":"category","embeddable":true,"href":"https:\/\/salthish.es\/index.php\/wp-json\/wp\/v2\/categories?post=915"},{"taxonomy":"post_tag","embeddable":true,"href":"https:\/\/salthish.es\/index.php\/wp-json\/wp\/v2\/tags?post=915"}],"curies":[{"name":"wp","href":"https:\/\/api.w.org\/{rel}","templated":true}]}}