{"id":903,"date":"2025-01-30T07:58:29","date_gmt":"2025-01-30T07:58:29","guid":{"rendered":"https:\/\/salthish.es\/?p=903"},"modified":"2025-01-30T07:58:30","modified_gmt":"2025-01-30T07:58:30","slug":"gala-del-piraguismo-andaluz","status":"publish","type":"post","link":"https:\/\/salthish.es\/index.php\/2025\/01\/30\/gala-del-piraguismo-andaluz\/","title":{"rendered":"GALA DEL PIRAG\u00dcISMO ANDALUZ"},"content":{"rendered":"\n<p class=\"has-large-font-size wp-block-paragraph\">Nuestro club cuenta con 3 galardonados por la Federaci\u00f3n Andaluza en Lebrija<\/p>\n\n\n\n<p class=\"wp-block-paragraph\">El viernes 31 de enero de 2025, en el Teatro de Lebrija tendr\u00e1 lugar la Gala del Pirag\u00fcismo Andaluz, donde Iker Quintero Bocanegra, \u00c1gueda Bartolom\u00e9 Beas y Antonio Rodr\u00edguez \u00c1lvarez ser\u00e1n galardonados como los mejores deportistas paracanoe del a\u00f1o en Infantil, Alev\u00edn y Benjam\u00edn de 2024.<\/p>\n\n\n\n<p class=\"wp-block-paragraph\">Nos sentimos orgullosos de que estos deportistas reciban el galard\u00f3n de toda Andaluc\u00eda, no solo por los resultados obtenidos, sino por su superaci\u00f3n personal d\u00eda a d\u00eda en nuestro deporte y como componentes de nuestra gran familia.<\/p>\n\n\n\n<p class=\"wp-block-paragraph\">Felicidades a los tres y a seguir disfrutando de nuestro deporte, nuestra r\u00eda y llevar a Punta Umbr\u00eda a lo m\u00e1s alto.<\/p>\n\n\n\n<figure class=\"wp-block-image size-full\"><img loading=\"lazy\" decoding=\"async\" width=\"570\" height=\"186\" src=\"https:\/\/salthish.es\/wp-content\/uploads\/2025\/01\/image.png\" alt=\"\" class=\"wp-image-904\" srcset=\"https:\/\/salthish.es\/wp-content\/uploads\/2025\/01\/image.png 570w, https:\/\/salthish.es\/wp-content\/uploads\/2025\/01\/image-300x98.png 300w\" sizes=\"auto, (max-width: 570px) 100vw, 570px\" \/><\/figure>\n\n\n\n<figure class=\"wp-block-gallery has-nested-images columns-default is-cropped wp-block-gallery-1 is-layout-flex wp-block-gallery-is-layout-flex\">\n<figure class=\"wp-block-image size-large\"><img loading=\"lazy\" decoding=\"async\" width=\"1024\" height=\"683\" data-id=\"905\" src=\"https:\/\/salthish.es\/wp-content\/uploads\/2025\/01\/WhatsApp-Image-2025-01-22-at-09.55.58-1024x683.jpeg\" alt=\"\" class=\"wp-image-905\" srcset=\"https:\/\/salthish.es\/wp-content\/uploads\/2025\/01\/WhatsApp-Image-2025-01-22-at-09.55.58-1024x683.jpeg 1024w, https:\/\/salthish.es\/wp-content\/uploads\/2025\/01\/WhatsApp-Image-2025-01-22-at-09.55.58-300x200.jpeg 300w, https:\/\/salthish.es\/wp-content\/uploads\/2025\/01\/WhatsApp-Image-2025-01-22-at-09.55.58-768x512.jpeg 768w, https:\/\/salthish.es\/wp-content\/uploads\/2025\/01\/WhatsApp-Image-2025-01-22-at-09.55.58.jpeg 1200w\" sizes=\"auto, (max-width: 1024px) 100vw, 1024px\" \/><\/figure>\n\n\n\n<figure class=\"wp-block-image size-large\"><img loading=\"lazy\" decoding=\"async\" width=\"1024\" height=\"683\" data-id=\"906\" src=\"https:\/\/salthish.es\/wp-content\/uploads\/2025\/01\/WhatsApp-Image-2025-01-22-at-10.02.06-1024x683.jpeg\" alt=\"\" class=\"wp-image-906\" srcset=\"https:\/\/salthish.es\/wp-content\/uploads\/2025\/01\/WhatsApp-Image-2025-01-22-at-10.02.06-1024x683.jpeg 1024w, https:\/\/salthish.es\/wp-content\/uploads\/2025\/01\/WhatsApp-Image-2025-01-22-at-10.02.06-300x200.jpeg 300w, https:\/\/salthish.es\/wp-content\/uploads\/2025\/01\/WhatsApp-Image-2025-01-22-at-10.02.06-768x512.jpeg 768w, https:\/\/salthish.es\/wp-content\/uploads\/2025\/01\/WhatsApp-Image-2025-01-22-at-10.02.06.jpeg 1200w\" sizes=\"auto, (max-width: 1024px) 100vw, 1024px\" \/><\/figure>\n\n\n\n<figure class=\"wp-block-image size-large\"><img loading=\"lazy\" decoding=\"async\" width=\"1024\" height=\"682\" data-id=\"907\" src=\"https:\/\/salthish.es\/wp-content\/uploads\/2025\/01\/WhatsApp-Image-2025-01-22-at-09.08.28-1024x682.jpeg\" alt=\"\" class=\"wp-image-907\" srcset=\"https:\/\/salthish.es\/wp-content\/uploads\/2025\/01\/WhatsApp-Image-2025-01-22-at-09.08.28-1024x682.jpeg 1024w, https:\/\/salthish.es\/wp-content\/uploads\/2025\/01\/WhatsApp-Image-2025-01-22-at-09.08.28-300x200.jpeg 300w, https:\/\/salthish.es\/wp-content\/uploads\/2025\/01\/WhatsApp-Image-2025-01-22-at-09.08.28-768x512.jpeg 768w, https:\/\/salthish.es\/wp-content\/uploads\/2025\/01\/WhatsApp-Image-2025-01-22-at-09.08.28-1536x1023.jpeg 1536w, https:\/\/salthish.es\/wp-content\/uploads\/2025\/01\/WhatsApp-Image-2025-01-22-at-09.08.28.jpeg 1600w\" sizes=\"auto, (max-width: 1024px) 100vw, 1024px\" \/><\/figure>\n<\/figure>\n","protected":false},"excerpt":{"rendered":"<p>Nuestro club cuenta con 3 galardonados por la Federaci\u00f3n Andaluza en Lebrija El viernes 31 de enero de 2025, en el Teatro de Lebrija tendr\u00e1 lugar la Gala del Pirag\u00fcismo Andaluz, donde Iker Quintero Bocanegra, \u00c1gueda Bartolom\u00e9 Beas y Antonio Rodr\u00edguez \u00c1lvarez ser\u00e1n galardonados como los mejores deportistas paracanoe del a\u00f1o en Infantil, Alev\u00edn y [&hellip;]<\/p>\n","protected":false},"author":1,"featured_media":904,"comment_status":"open","ping_status":"open","sticky":false,"template":"","format":"standard","meta":{"_jetpack_newsletter_access":"","_jetpack_dont_email_post_to_subs":false,"_jetpack_newsletter_tier_id":0,"_jetpack_memberships_contains_paywalled_content":false,"_jetpack_memberships_contains_paid_content":false,"footnotes":""},"categories":[1],"tags":[],"class_list":["post-903","post","type-post","status-publish","format-standard","has-post-thumbnail","hentry","category-uncategorized"],"yoast_head":"<!-- This site is optimized with the Yoast SEO plugin v28.3 - https:\/\/yoast.com\/product\/yoast-seo-wordpress\/ -->\n<title>GALA DEL PIRAG\u00dcISMO ANDALUZ - CLUB PIRAG\u00dcISMO SALTHISH PUNTA UMBR\u00cdA<\/title>\n<meta name=\"robots\" content=\"index, follow, max-snippet:-1, max-image-preview:large, max-video-preview:-1\" \/>\n<link rel=\"canonical\" href=\"https:\/\/salthish.es\/index.php\/2025\/01\/30\/gala-del-piraguismo-andaluz\/\" \/>\n<meta property=\"og:locale\" content=\"es_ES\" \/>\n<meta property=\"og:type\" content=\"article\" \/>\n<meta property=\"og:title\" content=\"GALA DEL PIRAG\u00dcISMO ANDALUZ - CLUB PIRAG\u00dcISMO SALTHISH PUNTA UMBR\u00cdA\" \/>\n<meta property=\"og:description\" content=\"Nuestro club cuenta con 3 galardonados por la Federaci\u00f3n Andaluza en Lebrija El viernes 31 de enero de 2025, en el Teatro de Lebrija tendr\u00e1 lugar la Gala del Pirag\u00fcismo Andaluz, donde Iker Quintero Bocanegra, \u00c1gueda Bartolom\u00e9 Beas y Antonio Rodr\u00edguez \u00c1lvarez ser\u00e1n galardonados como los mejores deportistas paracanoe del a\u00f1o en Infantil, Alev\u00edn y [&hellip;]\" \/>\n<meta property=\"og:url\" content=\"https:\/\/salthish.es\/index.php\/2025\/01\/30\/gala-del-piraguismo-andaluz\/\" \/>\n<meta property=\"og:site_name\" content=\"CLUB PIRAG\u00dcISMO SALTHISH PUNTA UMBR\u00cdA\" \/>\n<meta property=\"article:published_time\" content=\"2025-01-30T07:58:29+00:00\" \/>\n<meta property=\"article:modified_time\" content=\"2025-01-30T07:58:30+00:00\" \/>\n<meta property=\"og:image\" content=\"https:\/\/salthish.es\/wp-content\/uploads\/2025\/01\/image.png\" \/>\n\t<meta property=\"og:image:width\" content=\"570\" \/>\n\t<meta property=\"og:image:height\" content=\"186\" \/>\n\t<meta property=\"og:image:type\" content=\"image\/png\" \/>\n<meta name=\"author\" content=\"admin\" \/>\n<meta name=\"twitter:card\" content=\"summary_large_image\" \/>\n<meta name=\"twitter:label1\" content=\"Escrito por\" \/>\n\t<meta name=\"twitter:data1\" content=\"admin\" \/>\n\t<meta name=\"twitter:label2\" content=\"Tiempo de lectura\" \/>\n\t<meta name=\"twitter:data2\" content=\"2 minutos\" \/>\n<script type=\"application\/ld+json\" class=\"yoast-schema-graph\">{\"@context\":\"https:\\\/\\\/schema.org\",\"@graph\":[{\"@type\":\"Article\",\"@id\":\"https:\\\/\\\/salthish.es\\\/index.php\\\/2025\\\/01\\\/30\\\/gala-del-piraguismo-andaluz\\\/#article\",\"isPartOf\":{\"@id\":\"https:\\\/\\\/salthish.es\\\/index.php\\\/2025\\\/01\\\/30\\\/gala-del-piraguismo-andaluz\\\/\"},\"author\":{\"name\":\"admin\",\"@id\":\"https:\\\/\\\/salthish.es\\\/#\\\/schema\\\/person\\\/f0ee321fba369019f9c670130a460102\"},\"headline\":\"GALA DEL PIRAG\u00dcISMO ANDALUZ\",\"datePublished\":\"2025-01-30T07:58:29+00:00\",\"dateModified\":\"2025-01-30T07:58:30+00:00\",\"mainEntityOfPage\":{\"@id\":\"https:\\\/\\\/salthish.es\\\/index.php\\\/2025\\\/01\\\/30\\\/gala-del-piraguismo-andaluz\\\/\"},\"wordCount\":133,\"commentCount\":0,\"publisher\":{\"@id\":\"https:\\\/\\\/salthish.es\\\/#organization\"},\"image\":{\"@id\":\"https:\\\/\\\/salthish.es\\\/index.php\\\/2025\\\/01\\\/30\\\/gala-del-piraguismo-andaluz\\\/#primaryimage\"},\"thumbnailUrl\":\"https:\\\/\\\/salthish.es\\\/wp-content\\\/uploads\\\/2025\\\/01\\\/image.png\",\"articleSection\":[\"Uncategorized\"],\"inLanguage\":\"es\",\"potentialAction\":[{\"@type\":\"CommentAction\",\"name\":\"Comment\",\"target\":[\"https:\\\/\\\/salthish.es\\\/index.php\\\/2025\\\/01\\\/30\\\/gala-del-piraguismo-andaluz\\\/#respond\"]}]},{\"@type\":\"WebPage\",\"@id\":\"https:\\\/\\\/salthish.es\\\/index.php\\\/2025\\\/01\\\/30\\\/gala-del-piraguismo-andaluz\\\/\",\"url\":\"https:\\\/\\\/salthish.es\\\/index.php\\\/2025\\\/01\\\/30\\\/gala-del-piraguismo-andaluz\\\/\",\"name\":\"GALA DEL PIRAG\u00dcISMO ANDALUZ - CLUB PIRAG\u00dcISMO SALTHISH PUNTA UMBR\u00cdA\",\"isPartOf\":{\"@id\":\"https:\\\/\\\/salthish.es\\\/#website\"},\"primaryImageOfPage\":{\"@id\":\"https:\\\/\\\/salthish.es\\\/index.php\\\/2025\\\/01\\\/30\\\/gala-del-piraguismo-andaluz\\\/#primaryimage\"},\"image\":{\"@id\":\"https:\\\/\\\/salthish.es\\\/index.php\\\/2025\\\/01\\\/30\\\/gala-del-piraguismo-andaluz\\\/#primaryimage\"},\"thumbnailUrl\":\"https:\\\/\\\/salthish.es\\\/wp-content\\\/uploads\\\/2025\\\/01\\\/image.png\",\"datePublished\":\"2025-01-30T07:58:29+00:00\",\"dateModified\":\"2025-01-30T07:58:30+00:00\",\"breadcrumb\":{\"@id\":\"https:\\\/\\\/salthish.es\\\/index.php\\\/2025\\\/01\\\/30\\\/gala-del-piraguismo-andaluz\\\/#breadcrumb\"},\"inLanguage\":\"es\",\"potentialAction\":[{\"@type\":\"ReadAction\",\"target\":[\"https:\\\/\\\/salthish.es\\\/index.php\\\/2025\\\/01\\\/30\\\/gala-del-piraguismo-andaluz\\\/\"]}]},{\"@type\":\"ImageObject\",\"inLanguage\":\"es\",\"@id\":\"https:\\\/\\\/salthish.es\\\/index.php\\\/2025\\\/01\\\/30\\\/gala-del-piraguismo-andaluz\\\/#primaryimage\",\"url\":\"https:\\\/\\\/salthish.es\\\/wp-content\\\/uploads\\\/2025\\\/01\\\/image.png\",\"contentUrl\":\"https:\\\/\\\/salthish.es\\\/wp-content\\\/uploads\\\/2025\\\/01\\\/image.png\",\"width\":570,\"height\":186},{\"@type\":\"BreadcrumbList\",\"@id\":\"https:\\\/\\\/salthish.es\\\/index.php\\\/2025\\\/01\\\/30\\\/gala-del-piraguismo-andaluz\\\/#breadcrumb\",\"itemListElement\":[{\"@type\":\"ListItem\",\"position\":1,\"name\":\"Portada\",\"item\":\"https:\\\/\\\/salthish.es\\\/\"},{\"@type\":\"ListItem\",\"position\":2,\"name\":\"GALA DEL PIRAG\u00dcISMO ANDALUZ\"}]},{\"@type\":\"WebSite\",\"@id\":\"https:\\\/\\\/salthish.es\\\/#website\",\"url\":\"https:\\\/\\\/salthish.es\\\/\",\"name\":\"CLUB PIRAG\u00dcISMO SALTHISH PUNTA UMBR\u00cdA\",\"description\":\"Club destinado a la  practica, ense\u00f1anza y actividades del pirag\u00fcismo\",\"publisher\":{\"@id\":\"https:\\\/\\\/salthish.es\\\/#organization\"},\"potentialAction\":[{\"@type\":\"SearchAction\",\"target\":{\"@type\":\"EntryPoint\",\"urlTemplate\":\"https:\\\/\\\/salthish.es\\\/?s={search_term_string}\"},\"query-input\":{\"@type\":\"PropertyValueSpecification\",\"valueRequired\":true,\"valueName\":\"search_term_string\"}}],\"inLanguage\":\"es\"},{\"@type\":\"Organization\",\"@id\":\"https:\\\/\\\/salthish.es\\\/#organization\",\"name\":\"CLUB PIRAG\u00dcISMO SALTHISH PUNTA UMBR\u00cdA\",\"url\":\"https:\\\/\\\/salthish.es\\\/\",\"logo\":{\"@type\":\"ImageObject\",\"inLanguage\":\"es\",\"@id\":\"https:\\\/\\\/salthish.es\\\/#\\\/schema\\\/logo\\\/image\\\/\",\"url\":\"https:\\\/\\\/salthish.es\\\/wp-content\\\/uploads\\\/2024\\\/05\\\/Logo-Monocromo.png\",\"contentUrl\":\"https:\\\/\\\/salthish.es\\\/wp-content\\\/uploads\\\/2024\\\/05\\\/Logo-Monocromo.png\",\"width\":352,\"height\":352,\"caption\":\"CLUB PIRAG\u00dcISMO SALTHISH PUNTA UMBR\u00cdA\"},\"image\":{\"@id\":\"https:\\\/\\\/salthish.es\\\/#\\\/schema\\\/logo\\\/image\\\/\"}},{\"@type\":\"Person\",\"@id\":\"https:\\\/\\\/salthish.es\\\/#\\\/schema\\\/person\\\/f0ee321fba369019f9c670130a460102\",\"name\":\"admin\",\"image\":{\"@type\":\"ImageObject\",\"inLanguage\":\"es\",\"@id\":\"https:\\\/\\\/secure.gravatar.com\\\/avatar\\\/e9e43f25bb24372343af2ff6cdc5969a20bf03125fec5dbd5c56a8c7af1309c0?s=96&d=mm&r=g\",\"url\":\"https:\\\/\\\/secure.gravatar.com\\\/avatar\\\/e9e43f25bb24372343af2ff6cdc5969a20bf03125fec5dbd5c56a8c7af1309c0?s=96&d=mm&r=g\",\"contentUrl\":\"https:\\\/\\\/secure.gravatar.com\\\/avatar\\\/e9e43f25bb24372343af2ff6cdc5969a20bf03125fec5dbd5c56a8c7af1309c0?s=96&d=mm&r=g\",\"caption\":\"admin\"},\"sameAs\":[\"https:\\\/\\\/salthish.es\"],\"url\":\"https:\\\/\\\/salthish.es\\\/index.php\\\/author\\\/miguel\\\/\"}]}<\/script>\n<!-- \/ Yoast SEO plugin. -->","yoast_head_json":{"title":"GALA DEL PIRAG\u00dcISMO ANDALUZ - CLUB PIRAG\u00dcISMO SALTHISH PUNTA UMBR\u00cdA","robots":{"index":"index","follow":"follow","max-snippet":"max-snippet:-1","max-image-preview":"max-image-preview:large","max-video-preview":"max-video-preview:-1"},"canonical":"https:\/\/salthish.es\/index.php\/2025\/01\/30\/gala-del-piraguismo-andaluz\/","og_locale":"es_ES","og_type":"article","og_title":"GALA DEL PIRAG\u00dcISMO ANDALUZ - CLUB PIRAG\u00dcISMO SALTHISH PUNTA UMBR\u00cdA","og_description":"Nuestro club cuenta con 3 galardonados por la Federaci\u00f3n Andaluza en Lebrija El viernes 31 de enero de 2025, en el Teatro de Lebrija tendr\u00e1 lugar la Gala del Pirag\u00fcismo Andaluz, donde Iker Quintero Bocanegra, \u00c1gueda Bartolom\u00e9 Beas y Antonio Rodr\u00edguez \u00c1lvarez ser\u00e1n galardonados como los mejores deportistas paracanoe del a\u00f1o en Infantil, Alev\u00edn y [&hellip;]","og_url":"https:\/\/salthish.es\/index.php\/2025\/01\/30\/gala-del-piraguismo-andaluz\/","og_site_name":"CLUB PIRAG\u00dcISMO SALTHISH PUNTA UMBR\u00cdA","article_published_time":"2025-01-30T07:58:29+00:00","article_modified_time":"2025-01-30T07:58:30+00:00","og_image":[{"width":570,"height":186,"url":"https:\/\/salthish.es\/wp-content\/uploads\/2025\/01\/image.png","type":"image\/png"}],"author":"admin","twitter_card":"summary_large_image","twitter_misc":{"Escrito por":"admin","Tiempo de lectura":"2 minutos"},"schema":{"@context":"https:\/\/schema.org","@graph":[{"@type":"Article","@id":"https:\/\/salthish.es\/index.php\/2025\/01\/30\/gala-del-piraguismo-andaluz\/#article","isPartOf":{"@id":"https:\/\/salthish.es\/index.php\/2025\/01\/30\/gala-del-piraguismo-andaluz\/"},"author":{"name":"admin","@id":"https:\/\/salthish.es\/#\/schema\/person\/f0ee321fba369019f9c670130a460102"},"headline":"GALA DEL PIRAG\u00dcISMO ANDALUZ","datePublished":"2025-01-30T07:58:29+00:00","dateModified":"2025-01-30T07:58:30+00:00","mainEntityOfPage":{"@id":"https:\/\/salthish.es\/index.php\/2025\/01\/30\/gala-del-piraguismo-andaluz\/"},"wordCount":133,"commentCount":0,"publisher":{"@id":"https:\/\/salthish.es\/#organization"},"image":{"@id":"https:\/\/salthish.es\/index.php\/2025\/01\/30\/gala-del-piraguismo-andaluz\/#primaryimage"},"thumbnailUrl":"https:\/\/salthish.es\/wp-content\/uploads\/2025\/01\/image.png","articleSection":["Uncategorized"],"inLanguage":"es","potentialAction":[{"@type":"CommentAction","name":"Comment","target":["https:\/\/salthish.es\/index.php\/2025\/01\/30\/gala-del-piraguismo-andaluz\/#respond"]}]},{"@type":"WebPage","@id":"https:\/\/salthish.es\/index.php\/2025\/01\/30\/gala-del-piraguismo-andaluz\/","url":"https:\/\/salthish.es\/index.php\/2025\/01\/30\/gala-del-piraguismo-andaluz\/","name":"GALA DEL PIRAG\u00dcISMO ANDALUZ - CLUB PIRAG\u00dcISMO SALTHISH PUNTA UMBR\u00cdA","isPartOf":{"@id":"https:\/\/salthish.es\/#website"},"primaryImageOfPage":{"@id":"https:\/\/salthish.es\/index.php\/2025\/01\/30\/gala-del-piraguismo-andaluz\/#primaryimage"},"image":{"@id":"https:\/\/salthish.es\/index.php\/2025\/01\/30\/gala-del-piraguismo-andaluz\/#primaryimage"},"thumbnailUrl":"https:\/\/salthish.es\/wp-content\/uploads\/2025\/01\/image.png","datePublished":"2025-01-30T07:58:29+00:00","dateModified":"2025-01-30T07:58:30+00:00","breadcrumb":{"@id":"https:\/\/salthish.es\/index.php\/2025\/01\/30\/gala-del-piraguismo-andaluz\/#breadcrumb"},"inLanguage":"es","potentialAction":[{"@type":"ReadAction","target":["https:\/\/salthish.es\/index.php\/2025\/01\/30\/gala-del-piraguismo-andaluz\/"]}]},{"@type":"ImageObject","inLanguage":"es","@id":"https:\/\/salthish.es\/index.php\/2025\/01\/30\/gala-del-piraguismo-andaluz\/#primaryimage","url":"https:\/\/salthish.es\/wp-content\/uploads\/2025\/01\/image.png","contentUrl":"https:\/\/salthish.es\/wp-content\/uploads\/2025\/01\/image.png","width":570,"height":186},{"@type":"BreadcrumbList","@id":"https:\/\/salthish.es\/index.php\/2025\/01\/30\/gala-del-piraguismo-andaluz\/#breadcrumb","itemListElement":[{"@type":"ListItem","position":1,"name":"Portada","item":"https:\/\/salthish.es\/"},{"@type":"ListItem","position":2,"name":"GALA DEL PIRAG\u00dcISMO ANDALUZ"}]},{"@type":"WebSite","@id":"https:\/\/salthish.es\/#website","url":"https:\/\/salthish.es\/","name":"CLUB PIRAG\u00dcISMO SALTHISH PUNTA UMBR\u00cdA","description":"Club destinado a la  practica, ense\u00f1anza y actividades del pirag\u00fcismo","publisher":{"@id":"https:\/\/salthish.es\/#organization"},"potentialAction":[{"@type":"SearchAction","target":{"@type":"EntryPoint","urlTemplate":"https:\/\/salthish.es\/?s={search_term_string}"},"query-input":{"@type":"PropertyValueSpecification","valueRequired":true,"valueName":"search_term_string"}}],"inLanguage":"es"},{"@type":"Organization","@id":"https:\/\/salthish.es\/#organization","name":"CLUB PIRAG\u00dcISMO SALTHISH PUNTA UMBR\u00cdA","url":"https:\/\/salthish.es\/","logo":{"@type":"ImageObject","inLanguage":"es","@id":"https:\/\/salthish.es\/#\/schema\/logo\/image\/","url":"https:\/\/salthish.es\/wp-content\/uploads\/2024\/05\/Logo-Monocromo.png","contentUrl":"https:\/\/salthish.es\/wp-content\/uploads\/2024\/05\/Logo-Monocromo.png","width":352,"height":352,"caption":"CLUB PIRAG\u00dcISMO SALTHISH PUNTA UMBR\u00cdA"},"image":{"@id":"https:\/\/salthish.es\/#\/schema\/logo\/image\/"}},{"@type":"Person","@id":"https:\/\/salthish.es\/#\/schema\/person\/f0ee321fba369019f9c670130a460102","name":"admin","image":{"@type":"ImageObject","inLanguage":"es","@id":"https:\/\/secure.gravatar.com\/avatar\/e9e43f25bb24372343af2ff6cdc5969a20bf03125fec5dbd5c56a8c7af1309c0?s=96&d=mm&r=g","url":"https:\/\/secure.gravatar.com\/avatar\/e9e43f25bb24372343af2ff6cdc5969a20bf03125fec5dbd5c56a8c7af1309c0?s=96&d=mm&r=g","contentUrl":"https:\/\/secure.gravatar.com\/avatar\/e9e43f25bb24372343af2ff6cdc5969a20bf03125fec5dbd5c56a8c7af1309c0?s=96&d=mm&r=g","caption":"admin"},"sameAs":["https:\/\/salthish.es"],"url":"https:\/\/salthish.es\/index.php\/author\/miguel\/"}]}},"jetpack_sharing_enabled":true,"jetpack_featured_media_url":"https:\/\/salthish.es\/wp-content\/uploads\/2025\/01\/image.png","_links":{"self":[{"href":"https:\/\/salthish.es\/index.php\/wp-json\/wp\/v2\/posts\/903","targetHints":{"allow":["GET"]}}],"collection":[{"href":"https:\/\/salthish.es\/index.php\/wp-json\/wp\/v2\/posts"}],"about":[{"href":"https:\/\/salthish.es\/index.php\/wp-json\/wp\/v2\/types\/post"}],"author":[{"embeddable":true,"href":"https:\/\/salthish.es\/index.php\/wp-json\/wp\/v2\/users\/1"}],"replies":[{"embeddable":true,"href":"https:\/\/salthish.es\/index.php\/wp-json\/wp\/v2\/comments?post=903"}],"version-history":[{"count":1,"href":"https:\/\/salthish.es\/index.php\/wp-json\/wp\/v2\/posts\/903\/revisions"}],"predecessor-version":[{"id":908,"href":"https:\/\/salthish.es\/index.php\/wp-json\/wp\/v2\/posts\/903\/revisions\/908"}],"wp:featuredmedia":[{"embeddable":true,"href":"https:\/\/salthish.es\/index.php\/wp-json\/wp\/v2\/media\/904"}],"wp:attachment":[{"href":"https:\/\/salthish.es\/index.php\/wp-json\/wp\/v2\/media?parent=903"}],"wp:term":[{"taxonomy":"category","embeddable":true,"href":"https:\/\/salthish.es\/index.php\/wp-json\/wp\/v2\/categories?post=903"},{"taxonomy":"post_tag","embeddable":true,"href":"https:\/\/salthish.es\/index.php\/wp-json\/wp\/v2\/tags?post=903"}],"curies":[{"name":"wp","href":"https:\/\/api.w.org\/{rel}","templated":true}]}}