{"id":718,"date":"2024-09-26T08:59:24","date_gmt":"2024-09-26T08:59:24","guid":{"rendered":"https:\/\/salthish.es\/?p=718"},"modified":"2024-09-26T08:59:25","modified_gmt":"2024-09-26T08:59:25","slug":"campeonato-de-andalucia-de-barcos-combinados","status":"publish","type":"post","link":"https:\/\/salthish.es\/index.php\/2024\/09\/26\/campeonato-de-andalucia-de-barcos-combinados\/","title":{"rendered":"Campeonato de Andaluc\u00eda de Barcos Combinados"},"content":{"rendered":"\n<p class=\"wp-block-paragraph\"><strong><u>17 palistas, 10 podiums en la primera participaci\u00f3n oficial<\/u><\/strong><\/p>\n\n\n\n<p class=\"wp-block-paragraph\">El pasado s\u00e1bado 21 de septiembre en las instalaciones del C. E. A. R. \u201cLa Cartuja\u201d, nuestro Club Pirag\u00fcismo Sallthish Punta Umbr\u00eda participo por primera vez en competici\u00f3n oficial consiguiendo los siguientes resultados:<\/p>\n\n\n\n<figure class=\"wp-block-image size-full\"><img loading=\"lazy\" decoding=\"async\" width=\"653\" height=\"779\" src=\"https:\/\/salthish.es\/wp-content\/uploads\/2024\/09\/image.png\" alt=\"\" class=\"wp-image-719\" srcset=\"https:\/\/salthish.es\/wp-content\/uploads\/2024\/09\/image.png 653w, https:\/\/salthish.es\/wp-content\/uploads\/2024\/09\/image-251x300.png 251w\" sizes=\"auto, (max-width: 653px) 100vw, 653px\" \/><\/figure>\n\n\n\n<p class=\"wp-block-paragraph\">Ha sido una regata especial, aun con la experiencia que tenemos como equipo t\u00e9cnico, tutores y palistas, se respiraba un nerviosismo por lo que pod\u00eda acontecer, por lo que esper\u00e1bamos que aconteciera, era un momento deseado el representar a nuestro pueblo con nuestro club, lo cual se ha facilitado siempre desde nuestro club de acogida Tartessos Huelva, nuestro club hermano, pues as\u00ed lo sentimos y se lo agradecemos, siempre nos han facilitado y apoyado en todo este camino, GRACIAS POR TODO.<\/p>\n\n\n\n<p class=\"wp-block-paragraph\">Era una regata de estreno, de palistas, para todos y para aquellos que eran su primera competici\u00f3n oficial como Daniel Hierro Gonz\u00e1lez, Domingo Hierro Gonz\u00e1lez, Antonio Rodr\u00edguez \u00c1lvarez, Daniel Cabrera Rodr\u00edguez, todos ellos en Paracanoe.<\/p>\n\n\n\n<p class=\"wp-block-paragraph\">De equipaci\u00f3n, de la cual nos sentimos orgullosos, llevan los colores de nuestra bandera, son nuestra bandera, as\u00ed como la de nuestra provincia, autonom\u00eda y pa\u00eds, estamos orgullosos de ser quienes somos. Una equipaci\u00f3n que no lleno de satisfacci\u00f3n el ver como a los compa\u00f1eros de otros clubes les gustaba.<\/p>\n\n\n\n<p class=\"wp-block-paragraph\">Un d\u00eda de estreno en el agua, en la competici\u00f3n, de emoci\u00f3n al ver como nuestros paracanoes sub\u00edan al p\u00f3dium y como nuestros deportistas daban todo en la pista, y han logrado unos resultados espectaculares.<\/p>\n\n\n\n<p class=\"wp-block-paragraph\">Una regata que inici\u00e1bamos en la primera salida a las 10:00 con nuestros incombustibles cadetes Miguel \u00c1ngel Rodr\u00edguez Rosa y Javier Rodr\u00edguez L\u00f3pez, realizando 1.500 metros en K1 y luego se un\u00edan en la zona de transici\u00f3n para terminar en meta tras realizar otros 1.500 metros en K2, cruzando esta en 7\u00ba lugar.<\/p>\n\n\n\n<p class=\"wp-block-paragraph\">Ya en la segunda participaci\u00f3n nuestra a las 12:55, Francisco Jos\u00e9 Polo de la Rosa y Jos\u00e9 Antonio Sosa Garc\u00eda, que gracias a sus grandes carreras entraron 8 en hombre infantil A y medalla de plata respectivamente en hombre infantil ne\u00f3fito. En esa misma salida, Iker Quintero Bocanegra, Daniel Hierro Gonz\u00e1lez y Domingo Hierro Gonz\u00e1lez coparon el p\u00f3dium en hombre Infantil KS4. Junto a ellos Daniel Cabrera Rodr\u00edguez en hombre senior KS4, que cruzo la l\u00ednea de meta en s\u00e9ptimo lugar.<\/p>\n\n\n\n<p class=\"wp-block-paragraph\">Detr\u00e1s de todos ellos, participaron nuestras chicas infantiles, donde Manuela Rodr\u00edguez Rosa y Araceli del Carmen Baz Mart\u00edn fueron oro y plata en mujer Infantil B, mientras Roc\u00edo Rodr\u00edguez Ferrera fue tambi\u00e9n plata en mujer infantil ne\u00f3fita, las tres tras realizar una regata peleada, mejorando todas sus tiempos de otras participaciones. Todos ellos realizaron una distancia de 3.000 metros.<\/p>\n\n\n\n<p class=\"wp-block-paragraph\">A las 14:10 les toco el turno a los m\u00e1s peque\u00f1os, a nuestros alevines y benjamines, a los que est\u00e1n llamados a ser el futuro de nuestro club y deporte.<\/p>\n\n\n\n<p class=\"wp-block-paragraph\">En esta salida Juan Mart\u00edn Rodr\u00edguez y \u00c1gueda Bartolom\u00e9 Beas, en Alevines Ne\u00f3fito fueron 8\u00ba y plata respectivamente.<\/p>\n\n\n\n<p class=\"wp-block-paragraph\">Destacar los resultados de Antonio Rodr\u00edguez \u00c1lvarez, primer puesto en hombre Benjam\u00edn KS4, y Ra\u00fal Rodr\u00edguez L\u00f3pez, bronce en hombre Benjam\u00edn A. Mientras tanto Salvador Alcaide Contreras se quedo a las puertas del p\u00f3dium con un 4\u00ba puesto en Hombre Alev\u00edn A y Kenai Polo de la Rosa que fue 5\u00ba en hombre Benjam\u00edn B, todos ellos realizaron 750 metros a excepci\u00f3n de Salvador que realiz\u00f3 1.500 metros.<\/p>\n\n\n\n<p class=\"wp-block-paragraph\">En una jornada familiar, de disfrute y felicidad, al ver como todos estos palistas pelean por lo que les gusta, y que todos los esfuerzos tienen su recompensa, donde demuestran cada d\u00eda a pesar de las complicaciones que juntos son m\u00e1s, una jornada que nos ha demostrado que nuestras expectativas eran peque\u00f1as, una vez visto lo conseguido.<\/p>\n\n\n\n<p class=\"wp-block-paragraph\">Un agradecimiento especial a Almac\u00e9n Municipal por su apoyo y facilitarnos el desplazamiento del carro a Tartessos Huelva, por su carro que facilita el desplazamiento del material.<\/p>\n\n\n\n<p class=\"wp-block-paragraph\">Gracias a los patrocinadores, Translog Barroso \u201cEl Cartayero\u201d y Acaik Almudena.<\/p>\n\n\n\n<p class=\"wp-block-paragraph\">Gracias a los colaboradores por su gran grano de arena, Terraza Mar de Leva, Tu Hielo, Quiosco Pedr\u00edn, Bar Freiduria \u201cParada\u201d y Multiprecios Ana.<\/p>\n\n\n\n<p class=\"wp-block-paragraph\">El siguiente desplazamiento ser\u00e1 para participar en el VI Open de Espa\u00f1a Paracanoe en Aranjuez el d\u00eda 28 de septiembre y de forma oficial el 26 de octubre en Puerto Real, para disputar el Campeonato de Andaluc\u00eda de Piragua-Cross.<\/p>\n\n\n\n<p class=\"wp-block-paragraph\">En medio, Iker Quintero Bocanegra y Manuela Rodr\u00edguez Rosa, nos representar\u00e1n en Castelldefels en el Campeonato de Espa\u00f1a por Selecci\u00f3n Auton\u00f3micas.<\/p>\n","protected":false},"excerpt":{"rendered":"<p>17 palistas, 10 podiums en la primera participaci\u00f3n oficial El pasado s\u00e1bado 21 de septiembre en las instalaciones del C. E. A. R. \u201cLa Cartuja\u201d, nuestro Club Pirag\u00fcismo Sallthish Punta Umbr\u00eda participo por primera vez en competici\u00f3n oficial consiguiendo los siguientes resultados: Ha sido una regata especial, aun con la experiencia que tenemos como equipo [&hellip;]<\/p>\n","protected":false},"author":1,"featured_media":720,"comment_status":"open","ping_status":"open","sticky":false,"template":"","format":"standard","meta":{"_jetpack_newsletter_access":"","_jetpack_dont_email_post_to_subs":false,"_jetpack_newsletter_tier_id":0,"_jetpack_memberships_contains_paywalled_content":false,"_jetpack_memberships_contains_paid_content":false,"footnotes":""},"categories":[1],"tags":[],"class_list":["post-718","post","type-post","status-publish","format-standard","has-post-thumbnail","hentry","category-uncategorized"],"yoast_head":"<!-- This site is optimized with the Yoast SEO plugin v28.3 - https:\/\/yoast.com\/product\/yoast-seo-wordpress\/ -->\n<title>Campeonato de Andaluc\u00eda de Barcos Combinados - CLUB PIRAG\u00dcISMO SALTHISH PUNTA UMBR\u00cdA<\/title>\n<meta name=\"robots\" content=\"index, follow, max-snippet:-1, max-image-preview:large, max-video-preview:-1\" \/>\n<link rel=\"canonical\" href=\"https:\/\/salthish.es\/index.php\/2024\/09\/26\/campeonato-de-andalucia-de-barcos-combinados\/\" \/>\n<meta property=\"og:locale\" content=\"es_ES\" \/>\n<meta property=\"og:type\" content=\"article\" \/>\n<meta property=\"og:title\" content=\"Campeonato de Andaluc\u00eda de Barcos Combinados - CLUB PIRAG\u00dcISMO SALTHISH PUNTA UMBR\u00cdA\" \/>\n<meta property=\"og:description\" content=\"17 palistas, 10 podiums en la primera participaci\u00f3n oficial El pasado s\u00e1bado 21 de septiembre en las instalaciones del C. E. A. R. \u201cLa Cartuja\u201d, nuestro Club Pirag\u00fcismo Sallthish Punta Umbr\u00eda participo por primera vez en competici\u00f3n oficial consiguiendo los siguientes resultados: Ha sido una regata especial, aun con la experiencia que tenemos como equipo [&hellip;]\" \/>\n<meta property=\"og:url\" content=\"https:\/\/salthish.es\/index.php\/2024\/09\/26\/campeonato-de-andalucia-de-barcos-combinados\/\" \/>\n<meta property=\"og:site_name\" content=\"CLUB PIRAG\u00dcISMO SALTHISH PUNTA UMBR\u00cdA\" \/>\n<meta property=\"article:published_time\" content=\"2024-09-26T08:59:24+00:00\" \/>\n<meta property=\"article:modified_time\" content=\"2024-09-26T08:59:25+00:00\" \/>\n<meta property=\"og:image\" content=\"https:\/\/salthish.es\/wp-content\/uploads\/2024\/09\/CARTEL-scaled.jpeg\" \/>\n\t<meta property=\"og:image:width\" content=\"1810\" \/>\n\t<meta property=\"og:image:height\" content=\"2560\" \/>\n\t<meta property=\"og:image:type\" content=\"image\/jpeg\" \/>\n<meta name=\"author\" content=\"admin\" \/>\n<meta name=\"twitter:card\" content=\"summary_large_image\" \/>\n<meta name=\"twitter:label1\" content=\"Escrito por\" \/>\n\t<meta name=\"twitter:data1\" content=\"admin\" \/>\n\t<meta name=\"twitter:label2\" content=\"Tiempo de lectura\" \/>\n\t<meta name=\"twitter:data2\" content=\"4 minutos\" \/>\n<script type=\"application\/ld+json\" class=\"yoast-schema-graph\">{\"@context\":\"https:\\\/\\\/schema.org\",\"@graph\":[{\"@type\":\"Article\",\"@id\":\"https:\\\/\\\/salthish.es\\\/index.php\\\/2024\\\/09\\\/26\\\/campeonato-de-andalucia-de-barcos-combinados\\\/#article\",\"isPartOf\":{\"@id\":\"https:\\\/\\\/salthish.es\\\/index.php\\\/2024\\\/09\\\/26\\\/campeonato-de-andalucia-de-barcos-combinados\\\/\"},\"author\":{\"name\":\"admin\",\"@id\":\"https:\\\/\\\/salthish.es\\\/#\\\/schema\\\/person\\\/f0ee321fba369019f9c670130a460102\"},\"headline\":\"Campeonato de Andaluc\u00eda de Barcos Combinados\",\"datePublished\":\"2024-09-26T08:59:24+00:00\",\"dateModified\":\"2024-09-26T08:59:25+00:00\",\"mainEntityOfPage\":{\"@id\":\"https:\\\/\\\/salthish.es\\\/index.php\\\/2024\\\/09\\\/26\\\/campeonato-de-andalucia-de-barcos-combinados\\\/\"},\"wordCount\":795,\"commentCount\":0,\"publisher\":{\"@id\":\"https:\\\/\\\/salthish.es\\\/#organization\"},\"image\":{\"@id\":\"https:\\\/\\\/salthish.es\\\/index.php\\\/2024\\\/09\\\/26\\\/campeonato-de-andalucia-de-barcos-combinados\\\/#primaryimage\"},\"thumbnailUrl\":\"https:\\\/\\\/salthish.es\\\/wp-content\\\/uploads\\\/2024\\\/09\\\/CARTEL-scaled.jpeg\",\"articleSection\":[\"Uncategorized\"],\"inLanguage\":\"es\",\"potentialAction\":[{\"@type\":\"CommentAction\",\"name\":\"Comment\",\"target\":[\"https:\\\/\\\/salthish.es\\\/index.php\\\/2024\\\/09\\\/26\\\/campeonato-de-andalucia-de-barcos-combinados\\\/#respond\"]}]},{\"@type\":\"WebPage\",\"@id\":\"https:\\\/\\\/salthish.es\\\/index.php\\\/2024\\\/09\\\/26\\\/campeonato-de-andalucia-de-barcos-combinados\\\/\",\"url\":\"https:\\\/\\\/salthish.es\\\/index.php\\\/2024\\\/09\\\/26\\\/campeonato-de-andalucia-de-barcos-combinados\\\/\",\"name\":\"Campeonato de Andaluc\u00eda de Barcos Combinados - CLUB PIRAG\u00dcISMO SALTHISH PUNTA UMBR\u00cdA\",\"isPartOf\":{\"@id\":\"https:\\\/\\\/salthish.es\\\/#website\"},\"primaryImageOfPage\":{\"@id\":\"https:\\\/\\\/salthish.es\\\/index.php\\\/2024\\\/09\\\/26\\\/campeonato-de-andalucia-de-barcos-combinados\\\/#primaryimage\"},\"image\":{\"@id\":\"https:\\\/\\\/salthish.es\\\/index.php\\\/2024\\\/09\\\/26\\\/campeonato-de-andalucia-de-barcos-combinados\\\/#primaryimage\"},\"thumbnailUrl\":\"https:\\\/\\\/salthish.es\\\/wp-content\\\/uploads\\\/2024\\\/09\\\/CARTEL-scaled.jpeg\",\"datePublished\":\"2024-09-26T08:59:24+00:00\",\"dateModified\":\"2024-09-26T08:59:25+00:00\",\"breadcrumb\":{\"@id\":\"https:\\\/\\\/salthish.es\\\/index.php\\\/2024\\\/09\\\/26\\\/campeonato-de-andalucia-de-barcos-combinados\\\/#breadcrumb\"},\"inLanguage\":\"es\",\"potentialAction\":[{\"@type\":\"ReadAction\",\"target\":[\"https:\\\/\\\/salthish.es\\\/index.php\\\/2024\\\/09\\\/26\\\/campeonato-de-andalucia-de-barcos-combinados\\\/\"]}]},{\"@type\":\"ImageObject\",\"inLanguage\":\"es\",\"@id\":\"https:\\\/\\\/salthish.es\\\/index.php\\\/2024\\\/09\\\/26\\\/campeonato-de-andalucia-de-barcos-combinados\\\/#primaryimage\",\"url\":\"https:\\\/\\\/salthish.es\\\/wp-content\\\/uploads\\\/2024\\\/09\\\/CARTEL-scaled.jpeg\",\"contentUrl\":\"https:\\\/\\\/salthish.es\\\/wp-content\\\/uploads\\\/2024\\\/09\\\/CARTEL-scaled.jpeg\",\"width\":1810,\"height\":2560},{\"@type\":\"BreadcrumbList\",\"@id\":\"https:\\\/\\\/salthish.es\\\/index.php\\\/2024\\\/09\\\/26\\\/campeonato-de-andalucia-de-barcos-combinados\\\/#breadcrumb\",\"itemListElement\":[{\"@type\":\"ListItem\",\"position\":1,\"name\":\"Portada\",\"item\":\"https:\\\/\\\/salthish.es\\\/\"},{\"@type\":\"ListItem\",\"position\":2,\"name\":\"Campeonato de Andaluc\u00eda de Barcos Combinados\"}]},{\"@type\":\"WebSite\",\"@id\":\"https:\\\/\\\/salthish.es\\\/#website\",\"url\":\"https:\\\/\\\/salthish.es\\\/\",\"name\":\"CLUB PIRAG\u00dcISMO SALTHISH PUNTA UMBR\u00cdA\",\"description\":\"Club destinado a la  practica, ense\u00f1anza y actividades del pirag\u00fcismo\",\"publisher\":{\"@id\":\"https:\\\/\\\/salthish.es\\\/#organization\"},\"potentialAction\":[{\"@type\":\"SearchAction\",\"target\":{\"@type\":\"EntryPoint\",\"urlTemplate\":\"https:\\\/\\\/salthish.es\\\/?s={search_term_string}\"},\"query-input\":{\"@type\":\"PropertyValueSpecification\",\"valueRequired\":true,\"valueName\":\"search_term_string\"}}],\"inLanguage\":\"es\"},{\"@type\":\"Organization\",\"@id\":\"https:\\\/\\\/salthish.es\\\/#organization\",\"name\":\"CLUB PIRAG\u00dcISMO SALTHISH PUNTA UMBR\u00cdA\",\"url\":\"https:\\\/\\\/salthish.es\\\/\",\"logo\":{\"@type\":\"ImageObject\",\"inLanguage\":\"es\",\"@id\":\"https:\\\/\\\/salthish.es\\\/#\\\/schema\\\/logo\\\/image\\\/\",\"url\":\"https:\\\/\\\/salthish.es\\\/wp-content\\\/uploads\\\/2024\\\/05\\\/Logo-Monocromo.png\",\"contentUrl\":\"https:\\\/\\\/salthish.es\\\/wp-content\\\/uploads\\\/2024\\\/05\\\/Logo-Monocromo.png\",\"width\":352,\"height\":352,\"caption\":\"CLUB PIRAG\u00dcISMO SALTHISH PUNTA UMBR\u00cdA\"},\"image\":{\"@id\":\"https:\\\/\\\/salthish.es\\\/#\\\/schema\\\/logo\\\/image\\\/\"}},{\"@type\":\"Person\",\"@id\":\"https:\\\/\\\/salthish.es\\\/#\\\/schema\\\/person\\\/f0ee321fba369019f9c670130a460102\",\"name\":\"admin\",\"image\":{\"@type\":\"ImageObject\",\"inLanguage\":\"es\",\"@id\":\"https:\\\/\\\/secure.gravatar.com\\\/avatar\\\/e9e43f25bb24372343af2ff6cdc5969a20bf03125fec5dbd5c56a8c7af1309c0?s=96&d=mm&r=g\",\"url\":\"https:\\\/\\\/secure.gravatar.com\\\/avatar\\\/e9e43f25bb24372343af2ff6cdc5969a20bf03125fec5dbd5c56a8c7af1309c0?s=96&d=mm&r=g\",\"contentUrl\":\"https:\\\/\\\/secure.gravatar.com\\\/avatar\\\/e9e43f25bb24372343af2ff6cdc5969a20bf03125fec5dbd5c56a8c7af1309c0?s=96&d=mm&r=g\",\"caption\":\"admin\"},\"sameAs\":[\"https:\\\/\\\/salthish.es\"],\"url\":\"https:\\\/\\\/salthish.es\\\/index.php\\\/author\\\/miguel\\\/\"}]}<\/script>\n<!-- \/ Yoast SEO plugin. -->","yoast_head_json":{"title":"Campeonato de Andaluc\u00eda de Barcos Combinados - CLUB PIRAG\u00dcISMO SALTHISH PUNTA UMBR\u00cdA","robots":{"index":"index","follow":"follow","max-snippet":"max-snippet:-1","max-image-preview":"max-image-preview:large","max-video-preview":"max-video-preview:-1"},"canonical":"https:\/\/salthish.es\/index.php\/2024\/09\/26\/campeonato-de-andalucia-de-barcos-combinados\/","og_locale":"es_ES","og_type":"article","og_title":"Campeonato de Andaluc\u00eda de Barcos Combinados - CLUB PIRAG\u00dcISMO SALTHISH PUNTA UMBR\u00cdA","og_description":"17 palistas, 10 podiums en la primera participaci\u00f3n oficial El pasado s\u00e1bado 21 de septiembre en las instalaciones del C. E. A. R. \u201cLa Cartuja\u201d, nuestro Club Pirag\u00fcismo Sallthish Punta Umbr\u00eda participo por primera vez en competici\u00f3n oficial consiguiendo los siguientes resultados: Ha sido una regata especial, aun con la experiencia que tenemos como equipo [&hellip;]","og_url":"https:\/\/salthish.es\/index.php\/2024\/09\/26\/campeonato-de-andalucia-de-barcos-combinados\/","og_site_name":"CLUB PIRAG\u00dcISMO SALTHISH PUNTA UMBR\u00cdA","article_published_time":"2024-09-26T08:59:24+00:00","article_modified_time":"2024-09-26T08:59:25+00:00","og_image":[{"width":1810,"height":2560,"url":"https:\/\/salthish.es\/wp-content\/uploads\/2024\/09\/CARTEL-scaled.jpeg","type":"image\/jpeg"}],"author":"admin","twitter_card":"summary_large_image","twitter_misc":{"Escrito por":"admin","Tiempo de lectura":"4 minutos"},"schema":{"@context":"https:\/\/schema.org","@graph":[{"@type":"Article","@id":"https:\/\/salthish.es\/index.php\/2024\/09\/26\/campeonato-de-andalucia-de-barcos-combinados\/#article","isPartOf":{"@id":"https:\/\/salthish.es\/index.php\/2024\/09\/26\/campeonato-de-andalucia-de-barcos-combinados\/"},"author":{"name":"admin","@id":"https:\/\/salthish.es\/#\/schema\/person\/f0ee321fba369019f9c670130a460102"},"headline":"Campeonato de Andaluc\u00eda de Barcos Combinados","datePublished":"2024-09-26T08:59:24+00:00","dateModified":"2024-09-26T08:59:25+00:00","mainEntityOfPage":{"@id":"https:\/\/salthish.es\/index.php\/2024\/09\/26\/campeonato-de-andalucia-de-barcos-combinados\/"},"wordCount":795,"commentCount":0,"publisher":{"@id":"https:\/\/salthish.es\/#organization"},"image":{"@id":"https:\/\/salthish.es\/index.php\/2024\/09\/26\/campeonato-de-andalucia-de-barcos-combinados\/#primaryimage"},"thumbnailUrl":"https:\/\/salthish.es\/wp-content\/uploads\/2024\/09\/CARTEL-scaled.jpeg","articleSection":["Uncategorized"],"inLanguage":"es","potentialAction":[{"@type":"CommentAction","name":"Comment","target":["https:\/\/salthish.es\/index.php\/2024\/09\/26\/campeonato-de-andalucia-de-barcos-combinados\/#respond"]}]},{"@type":"WebPage","@id":"https:\/\/salthish.es\/index.php\/2024\/09\/26\/campeonato-de-andalucia-de-barcos-combinados\/","url":"https:\/\/salthish.es\/index.php\/2024\/09\/26\/campeonato-de-andalucia-de-barcos-combinados\/","name":"Campeonato de Andaluc\u00eda de Barcos Combinados - CLUB PIRAG\u00dcISMO SALTHISH PUNTA UMBR\u00cdA","isPartOf":{"@id":"https:\/\/salthish.es\/#website"},"primaryImageOfPage":{"@id":"https:\/\/salthish.es\/index.php\/2024\/09\/26\/campeonato-de-andalucia-de-barcos-combinados\/#primaryimage"},"image":{"@id":"https:\/\/salthish.es\/index.php\/2024\/09\/26\/campeonato-de-andalucia-de-barcos-combinados\/#primaryimage"},"thumbnailUrl":"https:\/\/salthish.es\/wp-content\/uploads\/2024\/09\/CARTEL-scaled.jpeg","datePublished":"2024-09-26T08:59:24+00:00","dateModified":"2024-09-26T08:59:25+00:00","breadcrumb":{"@id":"https:\/\/salthish.es\/index.php\/2024\/09\/26\/campeonato-de-andalucia-de-barcos-combinados\/#breadcrumb"},"inLanguage":"es","potentialAction":[{"@type":"ReadAction","target":["https:\/\/salthish.es\/index.php\/2024\/09\/26\/campeonato-de-andalucia-de-barcos-combinados\/"]}]},{"@type":"ImageObject","inLanguage":"es","@id":"https:\/\/salthish.es\/index.php\/2024\/09\/26\/campeonato-de-andalucia-de-barcos-combinados\/#primaryimage","url":"https:\/\/salthish.es\/wp-content\/uploads\/2024\/09\/CARTEL-scaled.jpeg","contentUrl":"https:\/\/salthish.es\/wp-content\/uploads\/2024\/09\/CARTEL-scaled.jpeg","width":1810,"height":2560},{"@type":"BreadcrumbList","@id":"https:\/\/salthish.es\/index.php\/2024\/09\/26\/campeonato-de-andalucia-de-barcos-combinados\/#breadcrumb","itemListElement":[{"@type":"ListItem","position":1,"name":"Portada","item":"https:\/\/salthish.es\/"},{"@type":"ListItem","position":2,"name":"Campeonato de Andaluc\u00eda de Barcos Combinados"}]},{"@type":"WebSite","@id":"https:\/\/salthish.es\/#website","url":"https:\/\/salthish.es\/","name":"CLUB PIRAG\u00dcISMO SALTHISH PUNTA UMBR\u00cdA","description":"Club destinado a la  practica, ense\u00f1anza y actividades del pirag\u00fcismo","publisher":{"@id":"https:\/\/salthish.es\/#organization"},"potentialAction":[{"@type":"SearchAction","target":{"@type":"EntryPoint","urlTemplate":"https:\/\/salthish.es\/?s={search_term_string}"},"query-input":{"@type":"PropertyValueSpecification","valueRequired":true,"valueName":"search_term_string"}}],"inLanguage":"es"},{"@type":"Organization","@id":"https:\/\/salthish.es\/#organization","name":"CLUB PIRAG\u00dcISMO SALTHISH PUNTA UMBR\u00cdA","url":"https:\/\/salthish.es\/","logo":{"@type":"ImageObject","inLanguage":"es","@id":"https:\/\/salthish.es\/#\/schema\/logo\/image\/","url":"https:\/\/salthish.es\/wp-content\/uploads\/2024\/05\/Logo-Monocromo.png","contentUrl":"https:\/\/salthish.es\/wp-content\/uploads\/2024\/05\/Logo-Monocromo.png","width":352,"height":352,"caption":"CLUB PIRAG\u00dcISMO SALTHISH PUNTA UMBR\u00cdA"},"image":{"@id":"https:\/\/salthish.es\/#\/schema\/logo\/image\/"}},{"@type":"Person","@id":"https:\/\/salthish.es\/#\/schema\/person\/f0ee321fba369019f9c670130a460102","name":"admin","image":{"@type":"ImageObject","inLanguage":"es","@id":"https:\/\/secure.gravatar.com\/avatar\/e9e43f25bb24372343af2ff6cdc5969a20bf03125fec5dbd5c56a8c7af1309c0?s=96&d=mm&r=g","url":"https:\/\/secure.gravatar.com\/avatar\/e9e43f25bb24372343af2ff6cdc5969a20bf03125fec5dbd5c56a8c7af1309c0?s=96&d=mm&r=g","contentUrl":"https:\/\/secure.gravatar.com\/avatar\/e9e43f25bb24372343af2ff6cdc5969a20bf03125fec5dbd5c56a8c7af1309c0?s=96&d=mm&r=g","caption":"admin"},"sameAs":["https:\/\/salthish.es"],"url":"https:\/\/salthish.es\/index.php\/author\/miguel\/"}]}},"jetpack_sharing_enabled":true,"jetpack_featured_media_url":"https:\/\/salthish.es\/wp-content\/uploads\/2024\/09\/CARTEL-scaled.jpeg","_links":{"self":[{"href":"https:\/\/salthish.es\/index.php\/wp-json\/wp\/v2\/posts\/718","targetHints":{"allow":["GET"]}}],"collection":[{"href":"https:\/\/salthish.es\/index.php\/wp-json\/wp\/v2\/posts"}],"about":[{"href":"https:\/\/salthish.es\/index.php\/wp-json\/wp\/v2\/types\/post"}],"author":[{"embeddable":true,"href":"https:\/\/salthish.es\/index.php\/wp-json\/wp\/v2\/users\/1"}],"replies":[{"embeddable":true,"href":"https:\/\/salthish.es\/index.php\/wp-json\/wp\/v2\/comments?post=718"}],"version-history":[{"count":1,"href":"https:\/\/salthish.es\/index.php\/wp-json\/wp\/v2\/posts\/718\/revisions"}],"predecessor-version":[{"id":721,"href":"https:\/\/salthish.es\/index.php\/wp-json\/wp\/v2\/posts\/718\/revisions\/721"}],"wp:featuredmedia":[{"embeddable":true,"href":"https:\/\/salthish.es\/index.php\/wp-json\/wp\/v2\/media\/720"}],"wp:attachment":[{"href":"https:\/\/salthish.es\/index.php\/wp-json\/wp\/v2\/media?parent=718"}],"wp:term":[{"taxonomy":"category","embeddable":true,"href":"https:\/\/salthish.es\/index.php\/wp-json\/wp\/v2\/categories?post=718"},{"taxonomy":"post_tag","embeddable":true,"href":"https:\/\/salthish.es\/index.php\/wp-json\/wp\/v2\/tags?post=718"}],"curies":[{"name":"wp","href":"https:\/\/api.w.org\/{rel}","templated":true}]}}