{"id":618,"date":"2024-09-03T11:07:20","date_gmt":"2024-09-03T11:07:20","guid":{"rendered":"https:\/\/salthish.es\/?p=618"},"modified":"2024-09-03T11:07:22","modified_gmt":"2024-09-03T11:07:22","slug":"i-regata-virgen-del-carmen","status":"publish","type":"post","link":"https:\/\/salthish.es\/index.php\/2024\/09\/03\/i-regata-virgen-del-carmen\/","title":{"rendered":"I Regata Virgen del Carmen"},"content":{"rendered":"\n<p class=\"has-large-font-size wp-block-paragraph\">Todo un \u00e9xito al retorno de las competiciones en la R\u00eda de Punta Umbr\u00eda.<\/p>\n\n\n\n<div class=\"wp-block-group alignfull has-global-padding is-layout-constrained wp-block-group-is-layout-constrained\">\n<p class=\"wp-block-paragraph\">El s\u00e1bado 31 de agosto, celebramos la I Regata Virgen del Carmen en las aguas de la r\u00eda de Punta Umbr\u00eda, retomando las regatas en nuestro deporte despu\u00e9s de muchos a\u00f1os sin ellas.<\/p>\n\n\n\n<p class=\"wp-block-paragraph\">Empezaremos agradeciendo a todos los que hacen posible esto, empezando por Mar\u00eda del Carmen y Antonio Albarrac\u00edn, que desinteresadamente nos han cedido la nave donde estamos ubicados, sin lo cual no habr\u00eda sido posible. Al Ayuntamiento de Punta Umbr\u00eda por su colaboraci\u00f3n y ayuda en buscarnos un nuevo terreno donde crecer como club y que en breve esperamos podamos empezar a trabajar en el. A todos los grupos que forman este ayuntamiento, por su disposici\u00f3n en que esto sea as\u00ed. A nuestros patrocinadores y colaboradores Translog Barroso \u00abEl Cartayero\u00bb, Acaik Almudena, Terraza Mar de Leva, Tu Hielo, Kiosco Pedr\u00edn, Bar Freidur\u00eda \u00abLa Parada\u00bb, Multiprecios Ana y a Taberna Carmelo, que nos cedi\u00f3 la luz y nos soporto durante el evento junto a su negocio. A \u00c1ngel Fern\u00e1ndez D\u00edez, por su ayuda en el proyecto y a los Servicios T\u00e9cnicos encabezados por Alberto Toscano. A todos los que componemos el club y al mismo tiempo a todos los que nos apoyan, familiares, amigos y antiguos palistas. Agraceder al Club Pirag\u00fcismo Punta Umbr\u00eda por su respuesta aunque no pudieron asistir y participar en esta Regata.<\/p>\n\n\n\n<p class=\"wp-block-paragraph\">Con un total de 49 participante entre los deportistas, amigos, familiares y antiguos palistas, repartidos en 9 salidas y aunque no todos cruzaron la meta, se vivi\u00f3 un ambiente festivo y familiar.<\/p>\n\n\n\n<p class=\"wp-block-paragraph\">Iniciamos a las 10:00, donde quedamos para montar la infraestructura y organizar el evento, dando la primera salida a eso de las 12:30. El orden fue Hombre Benjam\u00edn, Mujer Alev\u00edn, Hombre Alev\u00edn, Mujer Infantil, Hombre Infantil, Hombre Paracanoe, Hombre Cadete, Mujer Veterana y Hombre Veterano.<\/p>\n\n\n\n<p class=\"wp-block-paragraph\">En Hombre Benjam\u00edn: 1\u00ba Ra\u00fal Rodr\u00edguez L\u00f3pez con  01:13,80, 2\u00ba Kenai Polo de la Rosa con 01:27,43, 3\u00ba Adrian de la Rosa Sosa con 01:34,38, 4\u00ba Antonio Rodr\u00edguez \u00c1lvarez con 01:42,03, 4\u00ba Aitor Morales Triano con 01:59,20. <\/p>\n\n\n\n<p class=\"wp-block-paragraph\">Mujer Alev\u00edn: 1\u00aa Martina Garc\u00eda\u00a0 Ayerbe con 01:05,75, 2\u00aa Agueda Bartolome Beas con 01:18,04 y 3\u00aa Valeria Rodr\u00edguez Romero con 01:38,55.<\/p>\n\n\n\n<p class=\"wp-block-paragraph\">Hombre Alev\u00edn: 1\u00ba Salvador Alcaide Contreras con 01:06,92 y 2\u00ba Juan Mart\u00edn Rodr\u00edguez con 01:21,09<\/p>\n\n\n\n<p class=\"wp-block-paragraph\">Mujer Infantil: 1\u00aa Manuela Rodr\u00edguez Rosa con 01:04,75, 2\u00aa Araceli del Carmen Baz Mart\u00edn con 01:07,40 y 3\u00aa Roc\u00edo Rodr\u00edguez Ferrera con 01:08,07.<\/p>\n\n\n\n<p class=\"wp-block-paragraph\">Hombre Paracanoe: 1\u00ba Daniel Hierro Gonz\u00e1lez con 01:30,46, 2\u00ba Daniel Cabrera Rodr\u00edguez con 01:39,89 y 3\u00ba Domingo Hierro Gonz\u00e1lez con 03:22,39.<\/p>\n\n\n\n<p class=\"wp-block-paragraph\">Hombre Infantil: 1\u00ba Iker Quintero Bocanegra con 01:04,75, 2\u00ba Jos\u00e9 Antonio Sosa Garc\u00eda con 01:07,40, 3\u00ba Francisco Jos\u00e9 Polo de la Rosa con 01:08,07, 4\u00ba Daniel Ma\u00f1\u00e1s Rodr\u00edguez con 01:39,89 y 5\u00ba Aar\u00f3n\u00a0 Barroso Madrid con 02:01,02.<\/p>\n\n\n\n<p class=\"wp-block-paragraph\">Hombre Cadete: 1\u00ba Javier Rodr\u00edguez L\u00f3pez con 00:59,80, 2\u00ba Miguel \u00c1ngel Rodr\u00edguez Rosa con 01:07,37 y 3\u00ba Paulo Ruiz Belmonte con 01:30,19.<\/p>\n\n\n\n<p class=\"wp-block-paragraph\">Mujer Veterana: 1\u00aa Carmen Gonz\u00e1lez de la Rosa con 01:32,63, 2\u00aa Manuela Rosa Romero con 01:35,13 y 3\u00aa Ver\u00f3nica Contreras con 01:47,25.<\/p>\n\n\n\n<p class=\"wp-block-paragraph\">Hombre Veterano: 1\u00ba David Silva L\u00f3pez con 01:21,03, 2\u00ba Antonio Quintero Rodr\u00edguez con 01:29,26, 3\u00ba Domingo Hierro \u00c1lvarez con 01:46,30, 4\u00ba Jos\u00e9 D. Masa\u00a0con 01:54,15, 5\u00ba Javier Rodr\u00edguez Espina con 01:57,85, 6\u00ba Jos\u00e9 Sierra D\u00edaz con 02:12,69 y 7\u00ba Juan Mart\u00edn Piosa con 02:19,85.<\/p>\n\n\n\n<p class=\"wp-block-paragraph\">Tras la competici\u00f3n, vivimos la convivencia y entrega de medallas y diplomas, disfrutando de la m\u00fasica con DJ Paulo y las actividades improvisadas por parte de las madres y padres.<\/p>\n<\/div>\n","protected":false},"excerpt":{"rendered":"<p>Todo un \u00e9xito al retorno de las competiciones en la R\u00eda de Punta Umbr\u00eda. El s\u00e1bado 31 de agosto, celebramos la I Regata Virgen del Carmen en las aguas de la r\u00eda de Punta Umbr\u00eda, retomando las regatas en nuestro deporte despu\u00e9s de muchos a\u00f1os sin ellas. Empezaremos agradeciendo a todos los que hacen posible [&hellip;]<\/p>\n","protected":false},"author":1,"featured_media":620,"comment_status":"open","ping_status":"open","sticky":false,"template":"","format":"standard","meta":{"_jetpack_newsletter_access":"","_jetpack_dont_email_post_to_subs":false,"_jetpack_newsletter_tier_id":0,"_jetpack_memberships_contains_paywalled_content":false,"_jetpack_memberships_contains_paid_content":false,"footnotes":""},"categories":[1],"tags":[],"class_list":["post-618","post","type-post","status-publish","format-standard","has-post-thumbnail","hentry","category-uncategorized"],"yoast_head":"<!-- This site is optimized with the Yoast SEO plugin v28.3 - https:\/\/yoast.com\/product\/yoast-seo-wordpress\/ -->\n<title>I Regata Virgen del Carmen - CLUB PIRAG\u00dcISMO SALTHISH PUNTA UMBR\u00cdA<\/title>\n<meta name=\"robots\" content=\"index, follow, max-snippet:-1, max-image-preview:large, max-video-preview:-1\" \/>\n<link rel=\"canonical\" href=\"https:\/\/salthish.es\/index.php\/2024\/09\/03\/i-regata-virgen-del-carmen\/\" \/>\n<meta property=\"og:locale\" content=\"es_ES\" \/>\n<meta property=\"og:type\" content=\"article\" \/>\n<meta property=\"og:title\" content=\"I Regata Virgen del Carmen - CLUB PIRAG\u00dcISMO SALTHISH PUNTA UMBR\u00cdA\" \/>\n<meta property=\"og:description\" content=\"Todo un \u00e9xito al retorno de las competiciones en la R\u00eda de Punta Umbr\u00eda. El s\u00e1bado 31 de agosto, celebramos la I Regata Virgen del Carmen en las aguas de la r\u00eda de Punta Umbr\u00eda, retomando las regatas en nuestro deporte despu\u00e9s de muchos a\u00f1os sin ellas. Empezaremos agradeciendo a todos los que hacen posible [&hellip;]\" \/>\n<meta property=\"og:url\" content=\"https:\/\/salthish.es\/index.php\/2024\/09\/03\/i-regata-virgen-del-carmen\/\" \/>\n<meta property=\"og:site_name\" content=\"CLUB PIRAG\u00dcISMO SALTHISH PUNTA UMBR\u00cdA\" \/>\n<meta property=\"article:published_time\" content=\"2024-09-03T11:07:20+00:00\" \/>\n<meta property=\"article:modified_time\" content=\"2024-09-03T11:07:22+00:00\" \/>\n<meta property=\"og:image\" content=\"https:\/\/salthish.es\/wp-content\/uploads\/2024\/09\/Imagen-de-WhatsApp-2024-09-03-a-las-13.06.25_f3abb9b6.jpg\" \/>\n\t<meta property=\"og:image:width\" content=\"1600\" \/>\n\t<meta property=\"og:image:height\" content=\"1226\" \/>\n\t<meta property=\"og:image:type\" content=\"image\/jpeg\" \/>\n<meta name=\"author\" content=\"admin\" \/>\n<meta name=\"twitter:card\" content=\"summary_large_image\" \/>\n<meta name=\"twitter:label1\" content=\"Escrito por\" \/>\n\t<meta name=\"twitter:data1\" content=\"admin\" \/>\n\t<meta name=\"twitter:label2\" content=\"Tiempo de lectura\" \/>\n\t<meta name=\"twitter:data2\" content=\"3 minutos\" \/>\n<script type=\"application\/ld+json\" class=\"yoast-schema-graph\">{\"@context\":\"https:\\\/\\\/schema.org\",\"@graph\":[{\"@type\":\"Article\",\"@id\":\"https:\\\/\\\/salthish.es\\\/index.php\\\/2024\\\/09\\\/03\\\/i-regata-virgen-del-carmen\\\/#article\",\"isPartOf\":{\"@id\":\"https:\\\/\\\/salthish.es\\\/index.php\\\/2024\\\/09\\\/03\\\/i-regata-virgen-del-carmen\\\/\"},\"author\":{\"name\":\"admin\",\"@id\":\"https:\\\/\\\/salthish.es\\\/#\\\/schema\\\/person\\\/f0ee321fba369019f9c670130a460102\"},\"headline\":\"I Regata Virgen del Carmen\",\"datePublished\":\"2024-09-03T11:07:20+00:00\",\"dateModified\":\"2024-09-03T11:07:22+00:00\",\"mainEntityOfPage\":{\"@id\":\"https:\\\/\\\/salthish.es\\\/index.php\\\/2024\\\/09\\\/03\\\/i-regata-virgen-del-carmen\\\/\"},\"wordCount\":569,\"commentCount\":0,\"publisher\":{\"@id\":\"https:\\\/\\\/salthish.es\\\/#organization\"},\"image\":{\"@id\":\"https:\\\/\\\/salthish.es\\\/index.php\\\/2024\\\/09\\\/03\\\/i-regata-virgen-del-carmen\\\/#primaryimage\"},\"thumbnailUrl\":\"https:\\\/\\\/salthish.es\\\/wp-content\\\/uploads\\\/2024\\\/09\\\/Imagen-de-WhatsApp-2024-09-03-a-las-13.06.25_f3abb9b6.jpg\",\"articleSection\":[\"Uncategorized\"],\"inLanguage\":\"es\",\"potentialAction\":[{\"@type\":\"CommentAction\",\"name\":\"Comment\",\"target\":[\"https:\\\/\\\/salthish.es\\\/index.php\\\/2024\\\/09\\\/03\\\/i-regata-virgen-del-carmen\\\/#respond\"]}]},{\"@type\":\"WebPage\",\"@id\":\"https:\\\/\\\/salthish.es\\\/index.php\\\/2024\\\/09\\\/03\\\/i-regata-virgen-del-carmen\\\/\",\"url\":\"https:\\\/\\\/salthish.es\\\/index.php\\\/2024\\\/09\\\/03\\\/i-regata-virgen-del-carmen\\\/\",\"name\":\"I Regata Virgen del Carmen - CLUB PIRAG\u00dcISMO SALTHISH PUNTA UMBR\u00cdA\",\"isPartOf\":{\"@id\":\"https:\\\/\\\/salthish.es\\\/#website\"},\"primaryImageOfPage\":{\"@id\":\"https:\\\/\\\/salthish.es\\\/index.php\\\/2024\\\/09\\\/03\\\/i-regata-virgen-del-carmen\\\/#primaryimage\"},\"image\":{\"@id\":\"https:\\\/\\\/salthish.es\\\/index.php\\\/2024\\\/09\\\/03\\\/i-regata-virgen-del-carmen\\\/#primaryimage\"},\"thumbnailUrl\":\"https:\\\/\\\/salthish.es\\\/wp-content\\\/uploads\\\/2024\\\/09\\\/Imagen-de-WhatsApp-2024-09-03-a-las-13.06.25_f3abb9b6.jpg\",\"datePublished\":\"2024-09-03T11:07:20+00:00\",\"dateModified\":\"2024-09-03T11:07:22+00:00\",\"breadcrumb\":{\"@id\":\"https:\\\/\\\/salthish.es\\\/index.php\\\/2024\\\/09\\\/03\\\/i-regata-virgen-del-carmen\\\/#breadcrumb\"},\"inLanguage\":\"es\",\"potentialAction\":[{\"@type\":\"ReadAction\",\"target\":[\"https:\\\/\\\/salthish.es\\\/index.php\\\/2024\\\/09\\\/03\\\/i-regata-virgen-del-carmen\\\/\"]}]},{\"@type\":\"ImageObject\",\"inLanguage\":\"es\",\"@id\":\"https:\\\/\\\/salthish.es\\\/index.php\\\/2024\\\/09\\\/03\\\/i-regata-virgen-del-carmen\\\/#primaryimage\",\"url\":\"https:\\\/\\\/salthish.es\\\/wp-content\\\/uploads\\\/2024\\\/09\\\/Imagen-de-WhatsApp-2024-09-03-a-las-13.06.25_f3abb9b6.jpg\",\"contentUrl\":\"https:\\\/\\\/salthish.es\\\/wp-content\\\/uploads\\\/2024\\\/09\\\/Imagen-de-WhatsApp-2024-09-03-a-las-13.06.25_f3abb9b6.jpg\",\"width\":1600,\"height\":1226},{\"@type\":\"BreadcrumbList\",\"@id\":\"https:\\\/\\\/salthish.es\\\/index.php\\\/2024\\\/09\\\/03\\\/i-regata-virgen-del-carmen\\\/#breadcrumb\",\"itemListElement\":[{\"@type\":\"ListItem\",\"position\":1,\"name\":\"Portada\",\"item\":\"https:\\\/\\\/salthish.es\\\/\"},{\"@type\":\"ListItem\",\"position\":2,\"name\":\"I Regata Virgen del Carmen\"}]},{\"@type\":\"WebSite\",\"@id\":\"https:\\\/\\\/salthish.es\\\/#website\",\"url\":\"https:\\\/\\\/salthish.es\\\/\",\"name\":\"CLUB PIRAG\u00dcISMO SALTHISH PUNTA UMBR\u00cdA\",\"description\":\"Club destinado a la  practica, ense\u00f1anza y actividades del pirag\u00fcismo\",\"publisher\":{\"@id\":\"https:\\\/\\\/salthish.es\\\/#organization\"},\"potentialAction\":[{\"@type\":\"SearchAction\",\"target\":{\"@type\":\"EntryPoint\",\"urlTemplate\":\"https:\\\/\\\/salthish.es\\\/?s={search_term_string}\"},\"query-input\":{\"@type\":\"PropertyValueSpecification\",\"valueRequired\":true,\"valueName\":\"search_term_string\"}}],\"inLanguage\":\"es\"},{\"@type\":\"Organization\",\"@id\":\"https:\\\/\\\/salthish.es\\\/#organization\",\"name\":\"CLUB PIRAG\u00dcISMO SALTHISH PUNTA UMBR\u00cdA\",\"url\":\"https:\\\/\\\/salthish.es\\\/\",\"logo\":{\"@type\":\"ImageObject\",\"inLanguage\":\"es\",\"@id\":\"https:\\\/\\\/salthish.es\\\/#\\\/schema\\\/logo\\\/image\\\/\",\"url\":\"https:\\\/\\\/salthish.es\\\/wp-content\\\/uploads\\\/2024\\\/05\\\/Logo-Monocromo.png\",\"contentUrl\":\"https:\\\/\\\/salthish.es\\\/wp-content\\\/uploads\\\/2024\\\/05\\\/Logo-Monocromo.png\",\"width\":352,\"height\":352,\"caption\":\"CLUB PIRAG\u00dcISMO SALTHISH PUNTA UMBR\u00cdA\"},\"image\":{\"@id\":\"https:\\\/\\\/salthish.es\\\/#\\\/schema\\\/logo\\\/image\\\/\"}},{\"@type\":\"Person\",\"@id\":\"https:\\\/\\\/salthish.es\\\/#\\\/schema\\\/person\\\/f0ee321fba369019f9c670130a460102\",\"name\":\"admin\",\"image\":{\"@type\":\"ImageObject\",\"inLanguage\":\"es\",\"@id\":\"https:\\\/\\\/secure.gravatar.com\\\/avatar\\\/e9e43f25bb24372343af2ff6cdc5969a20bf03125fec5dbd5c56a8c7af1309c0?s=96&d=mm&r=g\",\"url\":\"https:\\\/\\\/secure.gravatar.com\\\/avatar\\\/e9e43f25bb24372343af2ff6cdc5969a20bf03125fec5dbd5c56a8c7af1309c0?s=96&d=mm&r=g\",\"contentUrl\":\"https:\\\/\\\/secure.gravatar.com\\\/avatar\\\/e9e43f25bb24372343af2ff6cdc5969a20bf03125fec5dbd5c56a8c7af1309c0?s=96&d=mm&r=g\",\"caption\":\"admin\"},\"sameAs\":[\"https:\\\/\\\/salthish.es\"],\"url\":\"https:\\\/\\\/salthish.es\\\/index.php\\\/author\\\/miguel\\\/\"}]}<\/script>\n<!-- \/ Yoast SEO plugin. -->","yoast_head_json":{"title":"I Regata Virgen del Carmen - CLUB PIRAG\u00dcISMO SALTHISH PUNTA UMBR\u00cdA","robots":{"index":"index","follow":"follow","max-snippet":"max-snippet:-1","max-image-preview":"max-image-preview:large","max-video-preview":"max-video-preview:-1"},"canonical":"https:\/\/salthish.es\/index.php\/2024\/09\/03\/i-regata-virgen-del-carmen\/","og_locale":"es_ES","og_type":"article","og_title":"I Regata Virgen del Carmen - CLUB PIRAG\u00dcISMO SALTHISH PUNTA UMBR\u00cdA","og_description":"Todo un \u00e9xito al retorno de las competiciones en la R\u00eda de Punta Umbr\u00eda. El s\u00e1bado 31 de agosto, celebramos la I Regata Virgen del Carmen en las aguas de la r\u00eda de Punta Umbr\u00eda, retomando las regatas en nuestro deporte despu\u00e9s de muchos a\u00f1os sin ellas. Empezaremos agradeciendo a todos los que hacen posible [&hellip;]","og_url":"https:\/\/salthish.es\/index.php\/2024\/09\/03\/i-regata-virgen-del-carmen\/","og_site_name":"CLUB PIRAG\u00dcISMO SALTHISH PUNTA UMBR\u00cdA","article_published_time":"2024-09-03T11:07:20+00:00","article_modified_time":"2024-09-03T11:07:22+00:00","og_image":[{"width":1600,"height":1226,"url":"https:\/\/salthish.es\/wp-content\/uploads\/2024\/09\/Imagen-de-WhatsApp-2024-09-03-a-las-13.06.25_f3abb9b6.jpg","type":"image\/jpeg"}],"author":"admin","twitter_card":"summary_large_image","twitter_misc":{"Escrito por":"admin","Tiempo de lectura":"3 minutos"},"schema":{"@context":"https:\/\/schema.org","@graph":[{"@type":"Article","@id":"https:\/\/salthish.es\/index.php\/2024\/09\/03\/i-regata-virgen-del-carmen\/#article","isPartOf":{"@id":"https:\/\/salthish.es\/index.php\/2024\/09\/03\/i-regata-virgen-del-carmen\/"},"author":{"name":"admin","@id":"https:\/\/salthish.es\/#\/schema\/person\/f0ee321fba369019f9c670130a460102"},"headline":"I Regata Virgen del Carmen","datePublished":"2024-09-03T11:07:20+00:00","dateModified":"2024-09-03T11:07:22+00:00","mainEntityOfPage":{"@id":"https:\/\/salthish.es\/index.php\/2024\/09\/03\/i-regata-virgen-del-carmen\/"},"wordCount":569,"commentCount":0,"publisher":{"@id":"https:\/\/salthish.es\/#organization"},"image":{"@id":"https:\/\/salthish.es\/index.php\/2024\/09\/03\/i-regata-virgen-del-carmen\/#primaryimage"},"thumbnailUrl":"https:\/\/salthish.es\/wp-content\/uploads\/2024\/09\/Imagen-de-WhatsApp-2024-09-03-a-las-13.06.25_f3abb9b6.jpg","articleSection":["Uncategorized"],"inLanguage":"es","potentialAction":[{"@type":"CommentAction","name":"Comment","target":["https:\/\/salthish.es\/index.php\/2024\/09\/03\/i-regata-virgen-del-carmen\/#respond"]}]},{"@type":"WebPage","@id":"https:\/\/salthish.es\/index.php\/2024\/09\/03\/i-regata-virgen-del-carmen\/","url":"https:\/\/salthish.es\/index.php\/2024\/09\/03\/i-regata-virgen-del-carmen\/","name":"I Regata Virgen del Carmen - CLUB PIRAG\u00dcISMO SALTHISH PUNTA UMBR\u00cdA","isPartOf":{"@id":"https:\/\/salthish.es\/#website"},"primaryImageOfPage":{"@id":"https:\/\/salthish.es\/index.php\/2024\/09\/03\/i-regata-virgen-del-carmen\/#primaryimage"},"image":{"@id":"https:\/\/salthish.es\/index.php\/2024\/09\/03\/i-regata-virgen-del-carmen\/#primaryimage"},"thumbnailUrl":"https:\/\/salthish.es\/wp-content\/uploads\/2024\/09\/Imagen-de-WhatsApp-2024-09-03-a-las-13.06.25_f3abb9b6.jpg","datePublished":"2024-09-03T11:07:20+00:00","dateModified":"2024-09-03T11:07:22+00:00","breadcrumb":{"@id":"https:\/\/salthish.es\/index.php\/2024\/09\/03\/i-regata-virgen-del-carmen\/#breadcrumb"},"inLanguage":"es","potentialAction":[{"@type":"ReadAction","target":["https:\/\/salthish.es\/index.php\/2024\/09\/03\/i-regata-virgen-del-carmen\/"]}]},{"@type":"ImageObject","inLanguage":"es","@id":"https:\/\/salthish.es\/index.php\/2024\/09\/03\/i-regata-virgen-del-carmen\/#primaryimage","url":"https:\/\/salthish.es\/wp-content\/uploads\/2024\/09\/Imagen-de-WhatsApp-2024-09-03-a-las-13.06.25_f3abb9b6.jpg","contentUrl":"https:\/\/salthish.es\/wp-content\/uploads\/2024\/09\/Imagen-de-WhatsApp-2024-09-03-a-las-13.06.25_f3abb9b6.jpg","width":1600,"height":1226},{"@type":"BreadcrumbList","@id":"https:\/\/salthish.es\/index.php\/2024\/09\/03\/i-regata-virgen-del-carmen\/#breadcrumb","itemListElement":[{"@type":"ListItem","position":1,"name":"Portada","item":"https:\/\/salthish.es\/"},{"@type":"ListItem","position":2,"name":"I Regata Virgen del Carmen"}]},{"@type":"WebSite","@id":"https:\/\/salthish.es\/#website","url":"https:\/\/salthish.es\/","name":"CLUB PIRAG\u00dcISMO SALTHISH PUNTA UMBR\u00cdA","description":"Club destinado a la  practica, ense\u00f1anza y actividades del pirag\u00fcismo","publisher":{"@id":"https:\/\/salthish.es\/#organization"},"potentialAction":[{"@type":"SearchAction","target":{"@type":"EntryPoint","urlTemplate":"https:\/\/salthish.es\/?s={search_term_string}"},"query-input":{"@type":"PropertyValueSpecification","valueRequired":true,"valueName":"search_term_string"}}],"inLanguage":"es"},{"@type":"Organization","@id":"https:\/\/salthish.es\/#organization","name":"CLUB PIRAG\u00dcISMO SALTHISH PUNTA UMBR\u00cdA","url":"https:\/\/salthish.es\/","logo":{"@type":"ImageObject","inLanguage":"es","@id":"https:\/\/salthish.es\/#\/schema\/logo\/image\/","url":"https:\/\/salthish.es\/wp-content\/uploads\/2024\/05\/Logo-Monocromo.png","contentUrl":"https:\/\/salthish.es\/wp-content\/uploads\/2024\/05\/Logo-Monocromo.png","width":352,"height":352,"caption":"CLUB PIRAG\u00dcISMO SALTHISH PUNTA UMBR\u00cdA"},"image":{"@id":"https:\/\/salthish.es\/#\/schema\/logo\/image\/"}},{"@type":"Person","@id":"https:\/\/salthish.es\/#\/schema\/person\/f0ee321fba369019f9c670130a460102","name":"admin","image":{"@type":"ImageObject","inLanguage":"es","@id":"https:\/\/secure.gravatar.com\/avatar\/e9e43f25bb24372343af2ff6cdc5969a20bf03125fec5dbd5c56a8c7af1309c0?s=96&d=mm&r=g","url":"https:\/\/secure.gravatar.com\/avatar\/e9e43f25bb24372343af2ff6cdc5969a20bf03125fec5dbd5c56a8c7af1309c0?s=96&d=mm&r=g","contentUrl":"https:\/\/secure.gravatar.com\/avatar\/e9e43f25bb24372343af2ff6cdc5969a20bf03125fec5dbd5c56a8c7af1309c0?s=96&d=mm&r=g","caption":"admin"},"sameAs":["https:\/\/salthish.es"],"url":"https:\/\/salthish.es\/index.php\/author\/miguel\/"}]}},"jetpack_sharing_enabled":true,"jetpack_featured_media_url":"https:\/\/salthish.es\/wp-content\/uploads\/2024\/09\/Imagen-de-WhatsApp-2024-09-03-a-las-13.06.25_f3abb9b6.jpg","_links":{"self":[{"href":"https:\/\/salthish.es\/index.php\/wp-json\/wp\/v2\/posts\/618","targetHints":{"allow":["GET"]}}],"collection":[{"href":"https:\/\/salthish.es\/index.php\/wp-json\/wp\/v2\/posts"}],"about":[{"href":"https:\/\/salthish.es\/index.php\/wp-json\/wp\/v2\/types\/post"}],"author":[{"embeddable":true,"href":"https:\/\/salthish.es\/index.php\/wp-json\/wp\/v2\/users\/1"}],"replies":[{"embeddable":true,"href":"https:\/\/salthish.es\/index.php\/wp-json\/wp\/v2\/comments?post=618"}],"version-history":[{"count":1,"href":"https:\/\/salthish.es\/index.php\/wp-json\/wp\/v2\/posts\/618\/revisions"}],"predecessor-version":[{"id":621,"href":"https:\/\/salthish.es\/index.php\/wp-json\/wp\/v2\/posts\/618\/revisions\/621"}],"wp:featuredmedia":[{"embeddable":true,"href":"https:\/\/salthish.es\/index.php\/wp-json\/wp\/v2\/media\/620"}],"wp:attachment":[{"href":"https:\/\/salthish.es\/index.php\/wp-json\/wp\/v2\/media?parent=618"}],"wp:term":[{"taxonomy":"category","embeddable":true,"href":"https:\/\/salthish.es\/index.php\/wp-json\/wp\/v2\/categories?post=618"},{"taxonomy":"post_tag","embeddable":true,"href":"https:\/\/salthish.es\/index.php\/wp-json\/wp\/v2\/tags?post=618"}],"curies":[{"name":"wp","href":"https:\/\/api.w.org\/{rel}","templated":true}]}}