{"id":217,"date":"2024-05-16T11:34:40","date_gmt":"2024-05-16T11:34:40","guid":{"rendered":"https:\/\/salthish.es\/?p=217"},"modified":"2024-05-16T11:42:39","modified_gmt":"2024-05-16T11:42:39","slug":"open-paracanoe-en-almasora","status":"publish","type":"post","link":"https:\/\/salthish.es\/index.php\/2024\/05\/16\/open-paracanoe-en-almasora\/","title":{"rendered":"Open Paracanoe en Almasora"},"content":{"rendered":"\n<p class=\"wp-block-paragraph\">Iker Quintero Bocanegra representa a Punta Umbr\u00eda el 18 de mayo en Almasora, Valencia, participando en el Trofeo Nacional \u00abPirag\u00fcismta Erante\u00bb.<\/p>\n\n\n\n<p class=\"wp-block-paragraph\">Se desplaza junto a su compa\u00f1ero del C. D. Tartessos Huelva Ram\u00f3n Maestre Mendoza.<\/p>\n\n\n\n<p class=\"wp-block-paragraph\">Suerte y a disfrutar!!!!!!!!!<\/p>\n\n\n\n<div class=\"wp-block-columns is-layout-flex wp-container-core-columns-is-layout-3a88641f wp-block-columns-is-layout-flex\">\n<div class=\"wp-block-column is-layout-flow wp-block-column-is-layout-flow\" style=\"flex-basis:100%\"><div class=\"is-default-size aligncenter wp-block-site-logo\"><a href=\"https:\/\/salthish.es\/\" class=\"custom-logo-link\" rel=\"home\"><img loading=\"lazy\" decoding=\"async\" width=\"352\" height=\"352\" src=\"https:\/\/salthish.es\/wp-content\/uploads\/2024\/05\/Logo-Monocromo.png\" class=\"custom-logo\" alt=\"CLUB PIRAG\u00dcISMO SALTHISH PUNTA UMBR\u00cdA\" srcset=\"https:\/\/salthish.es\/wp-content\/uploads\/2024\/05\/Logo-Monocromo.png 352w, https:\/\/salthish.es\/wp-content\/uploads\/2024\/05\/Logo-Monocromo-300x300.png 300w, https:\/\/salthish.es\/wp-content\/uploads\/2024\/05\/Logo-Monocromo-150x150.png 150w\" sizes=\"auto, (max-width: 352px) 100vw, 352px\" \/><\/a><\/div><\/div>\n\n\n\n<div class=\"wp-block-column is-layout-flow wp-block-column-is-layout-flow\" style=\"flex-basis:100%\">\n<figure class=\"wp-block-image aligncenter size-large\"><img loading=\"lazy\" decoding=\"async\" width=\"1024\" height=\"502\" src=\"https:\/\/salthish.es\/wp-content\/uploads\/2024\/05\/Tartessos-Def-1024x502.png\" alt=\"\" class=\"wp-image-41\" srcset=\"https:\/\/salthish.es\/wp-content\/uploads\/2024\/05\/Tartessos-Def-1024x502.png 1024w, https:\/\/salthish.es\/wp-content\/uploads\/2024\/05\/Tartessos-Def-300x147.png 300w, https:\/\/salthish.es\/wp-content\/uploads\/2024\/05\/Tartessos-Def-768x376.png 768w, https:\/\/salthish.es\/wp-content\/uploads\/2024\/05\/Tartessos-Def-1536x753.png 1536w, https:\/\/salthish.es\/wp-content\/uploads\/2024\/05\/Tartessos-Def-2048x1004.png 2048w\" sizes=\"auto, (max-width: 1024px) 100vw, 1024px\" \/><\/figure>\n<\/div>\n<\/div>\n","protected":false},"excerpt":{"rendered":"<p>Iker Quintero Bocanegra representa a Punta Umbr\u00eda el 18 de mayo en Almasora, Valencia, participando en el Trofeo Nacional \u00abPirag\u00fcismta Erante\u00bb. Se desplaza junto a su compa\u00f1ero del C. D. Tartessos Huelva Ram\u00f3n Maestre Mendoza. Suerte y a disfrutar!!!!!!!!!<\/p>\n","protected":false},"author":1,"featured_media":105,"comment_status":"open","ping_status":"open","sticky":false,"template":"","format":"standard","meta":{"_jetpack_newsletter_access":"","_jetpack_dont_email_post_to_subs":false,"_jetpack_newsletter_tier_id":0,"_jetpack_memberships_contains_paywalled_content":false,"_jetpack_memberships_contains_paid_content":false,"footnotes":""},"categories":[1],"tags":[],"class_list":["post-217","post","type-post","status-publish","format-standard","has-post-thumbnail","hentry","category-uncategorized"],"yoast_head":"<!-- This site is optimized with the Yoast SEO plugin v28.3 - https:\/\/yoast.com\/product\/yoast-seo-wordpress\/ -->\n<title>Open Paracanoe en Almasora - CLUB PIRAG\u00dcISMO SALTHISH PUNTA UMBR\u00cdA<\/title>\n<meta name=\"robots\" content=\"index, follow, max-snippet:-1, max-image-preview:large, max-video-preview:-1\" \/>\n<link rel=\"canonical\" href=\"https:\/\/salthish.es\/index.php\/2024\/05\/16\/open-paracanoe-en-almasora\/\" \/>\n<meta property=\"og:locale\" content=\"es_ES\" \/>\n<meta property=\"og:type\" content=\"article\" \/>\n<meta property=\"og:title\" content=\"Open Paracanoe en Almasora - CLUB PIRAG\u00dcISMO SALTHISH PUNTA UMBR\u00cdA\" \/>\n<meta property=\"og:description\" content=\"Iker Quintero Bocanegra representa a Punta Umbr\u00eda el 18 de mayo en Almasora, Valencia, participando en el Trofeo Nacional \u00abPirag\u00fcismta Erante\u00bb. Se desplaza junto a su compa\u00f1ero del C. D. Tartessos Huelva Ram\u00f3n Maestre Mendoza. Suerte y a disfrutar!!!!!!!!!\" \/>\n<meta property=\"og:url\" content=\"https:\/\/salthish.es\/index.php\/2024\/05\/16\/open-paracanoe-en-almasora\/\" \/>\n<meta property=\"og:site_name\" content=\"CLUB PIRAG\u00dcISMO SALTHISH PUNTA UMBR\u00cdA\" \/>\n<meta property=\"article:published_time\" content=\"2024-05-16T11:34:40+00:00\" \/>\n<meta property=\"article:modified_time\" content=\"2024-05-16T11:42:39+00:00\" \/>\n<meta property=\"og:image\" content=\"https:\/\/salthish.es\/wp-content\/uploads\/2024\/05\/WhatsApp-Image-2024-05-08-at-13.54.52.jpeg\" \/>\n\t<meta property=\"og:image:width\" content=\"1600\" \/>\n\t<meta property=\"og:image:height\" content=\"1066\" \/>\n\t<meta property=\"og:image:type\" content=\"image\/jpeg\" \/>\n<meta name=\"author\" content=\"admin\" \/>\n<meta name=\"twitter:card\" content=\"summary_large_image\" \/>\n<meta name=\"twitter:label1\" content=\"Escrito por\" \/>\n\t<meta name=\"twitter:data1\" content=\"admin\" \/>\n\t<meta name=\"twitter:label2\" content=\"Tiempo de lectura\" \/>\n\t<meta name=\"twitter:data2\" content=\"1 minuto\" \/>\n<script type=\"application\/ld+json\" class=\"yoast-schema-graph\">{\"@context\":\"https:\\\/\\\/schema.org\",\"@graph\":[{\"@type\":\"Article\",\"@id\":\"https:\\\/\\\/salthish.es\\\/index.php\\\/2024\\\/05\\\/16\\\/open-paracanoe-en-almasora\\\/#article\",\"isPartOf\":{\"@id\":\"https:\\\/\\\/salthish.es\\\/index.php\\\/2024\\\/05\\\/16\\\/open-paracanoe-en-almasora\\\/\"},\"author\":{\"name\":\"admin\",\"@id\":\"https:\\\/\\\/salthish.es\\\/#\\\/schema\\\/person\\\/f0ee321fba369019f9c670130a460102\"},\"headline\":\"Open Paracanoe en Almasora\",\"datePublished\":\"2024-05-16T11:34:40+00:00\",\"dateModified\":\"2024-05-16T11:42:39+00:00\",\"mainEntityOfPage\":{\"@id\":\"https:\\\/\\\/salthish.es\\\/index.php\\\/2024\\\/05\\\/16\\\/open-paracanoe-en-almasora\\\/\"},\"wordCount\":46,\"commentCount\":0,\"publisher\":{\"@id\":\"https:\\\/\\\/salthish.es\\\/#organization\"},\"image\":{\"@id\":\"https:\\\/\\\/salthish.es\\\/index.php\\\/2024\\\/05\\\/16\\\/open-paracanoe-en-almasora\\\/#primaryimage\"},\"thumbnailUrl\":\"https:\\\/\\\/salthish.es\\\/wp-content\\\/uploads\\\/2024\\\/05\\\/WhatsApp-Image-2024-05-08-at-13.54.52.jpeg\",\"articleSection\":[\"Uncategorized\"],\"inLanguage\":\"es\",\"potentialAction\":[{\"@type\":\"CommentAction\",\"name\":\"Comment\",\"target\":[\"https:\\\/\\\/salthish.es\\\/index.php\\\/2024\\\/05\\\/16\\\/open-paracanoe-en-almasora\\\/#respond\"]}]},{\"@type\":\"WebPage\",\"@id\":\"https:\\\/\\\/salthish.es\\\/index.php\\\/2024\\\/05\\\/16\\\/open-paracanoe-en-almasora\\\/\",\"url\":\"https:\\\/\\\/salthish.es\\\/index.php\\\/2024\\\/05\\\/16\\\/open-paracanoe-en-almasora\\\/\",\"name\":\"Open Paracanoe en Almasora - CLUB PIRAG\u00dcISMO SALTHISH PUNTA UMBR\u00cdA\",\"isPartOf\":{\"@id\":\"https:\\\/\\\/salthish.es\\\/#website\"},\"primaryImageOfPage\":{\"@id\":\"https:\\\/\\\/salthish.es\\\/index.php\\\/2024\\\/05\\\/16\\\/open-paracanoe-en-almasora\\\/#primaryimage\"},\"image\":{\"@id\":\"https:\\\/\\\/salthish.es\\\/index.php\\\/2024\\\/05\\\/16\\\/open-paracanoe-en-almasora\\\/#primaryimage\"},\"thumbnailUrl\":\"https:\\\/\\\/salthish.es\\\/wp-content\\\/uploads\\\/2024\\\/05\\\/WhatsApp-Image-2024-05-08-at-13.54.52.jpeg\",\"datePublished\":\"2024-05-16T11:34:40+00:00\",\"dateModified\":\"2024-05-16T11:42:39+00:00\",\"breadcrumb\":{\"@id\":\"https:\\\/\\\/salthish.es\\\/index.php\\\/2024\\\/05\\\/16\\\/open-paracanoe-en-almasora\\\/#breadcrumb\"},\"inLanguage\":\"es\",\"potentialAction\":[{\"@type\":\"ReadAction\",\"target\":[\"https:\\\/\\\/salthish.es\\\/index.php\\\/2024\\\/05\\\/16\\\/open-paracanoe-en-almasora\\\/\"]}]},{\"@type\":\"ImageObject\",\"inLanguage\":\"es\",\"@id\":\"https:\\\/\\\/salthish.es\\\/index.php\\\/2024\\\/05\\\/16\\\/open-paracanoe-en-almasora\\\/#primaryimage\",\"url\":\"https:\\\/\\\/salthish.es\\\/wp-content\\\/uploads\\\/2024\\\/05\\\/WhatsApp-Image-2024-05-08-at-13.54.52.jpeg\",\"contentUrl\":\"https:\\\/\\\/salthish.es\\\/wp-content\\\/uploads\\\/2024\\\/05\\\/WhatsApp-Image-2024-05-08-at-13.54.52.jpeg\",\"width\":1600,\"height\":1066},{\"@type\":\"BreadcrumbList\",\"@id\":\"https:\\\/\\\/salthish.es\\\/index.php\\\/2024\\\/05\\\/16\\\/open-paracanoe-en-almasora\\\/#breadcrumb\",\"itemListElement\":[{\"@type\":\"ListItem\",\"position\":1,\"name\":\"Portada\",\"item\":\"https:\\\/\\\/salthish.es\\\/\"},{\"@type\":\"ListItem\",\"position\":2,\"name\":\"Open Paracanoe en Almasora\"}]},{\"@type\":\"WebSite\",\"@id\":\"https:\\\/\\\/salthish.es\\\/#website\",\"url\":\"https:\\\/\\\/salthish.es\\\/\",\"name\":\"CLUB PIRAG\u00dcISMO SALTHISH PUNTA UMBR\u00cdA\",\"description\":\"Club destinado a la  practica, ense\u00f1anza y actividades del pirag\u00fcismo\",\"publisher\":{\"@id\":\"https:\\\/\\\/salthish.es\\\/#organization\"},\"potentialAction\":[{\"@type\":\"SearchAction\",\"target\":{\"@type\":\"EntryPoint\",\"urlTemplate\":\"https:\\\/\\\/salthish.es\\\/?s={search_term_string}\"},\"query-input\":{\"@type\":\"PropertyValueSpecification\",\"valueRequired\":true,\"valueName\":\"search_term_string\"}}],\"inLanguage\":\"es\"},{\"@type\":\"Organization\",\"@id\":\"https:\\\/\\\/salthish.es\\\/#organization\",\"name\":\"CLUB PIRAG\u00dcISMO SALTHISH PUNTA UMBR\u00cdA\",\"url\":\"https:\\\/\\\/salthish.es\\\/\",\"logo\":{\"@type\":\"ImageObject\",\"inLanguage\":\"es\",\"@id\":\"https:\\\/\\\/salthish.es\\\/#\\\/schema\\\/logo\\\/image\\\/\",\"url\":\"https:\\\/\\\/salthish.es\\\/wp-content\\\/uploads\\\/2024\\\/05\\\/Logo-Monocromo.png\",\"contentUrl\":\"https:\\\/\\\/salthish.es\\\/wp-content\\\/uploads\\\/2024\\\/05\\\/Logo-Monocromo.png\",\"width\":352,\"height\":352,\"caption\":\"CLUB PIRAG\u00dcISMO SALTHISH PUNTA UMBR\u00cdA\"},\"image\":{\"@id\":\"https:\\\/\\\/salthish.es\\\/#\\\/schema\\\/logo\\\/image\\\/\"}},{\"@type\":\"Person\",\"@id\":\"https:\\\/\\\/salthish.es\\\/#\\\/schema\\\/person\\\/f0ee321fba369019f9c670130a460102\",\"name\":\"admin\",\"image\":{\"@type\":\"ImageObject\",\"inLanguage\":\"es\",\"@id\":\"https:\\\/\\\/secure.gravatar.com\\\/avatar\\\/e9e43f25bb24372343af2ff6cdc5969a20bf03125fec5dbd5c56a8c7af1309c0?s=96&d=mm&r=g\",\"url\":\"https:\\\/\\\/secure.gravatar.com\\\/avatar\\\/e9e43f25bb24372343af2ff6cdc5969a20bf03125fec5dbd5c56a8c7af1309c0?s=96&d=mm&r=g\",\"contentUrl\":\"https:\\\/\\\/secure.gravatar.com\\\/avatar\\\/e9e43f25bb24372343af2ff6cdc5969a20bf03125fec5dbd5c56a8c7af1309c0?s=96&d=mm&r=g\",\"caption\":\"admin\"},\"sameAs\":[\"https:\\\/\\\/salthish.es\"],\"url\":\"https:\\\/\\\/salthish.es\\\/index.php\\\/author\\\/miguel\\\/\"}]}<\/script>\n<!-- \/ Yoast SEO plugin. -->","yoast_head_json":{"title":"Open Paracanoe en Almasora - CLUB PIRAG\u00dcISMO SALTHISH PUNTA UMBR\u00cdA","robots":{"index":"index","follow":"follow","max-snippet":"max-snippet:-1","max-image-preview":"max-image-preview:large","max-video-preview":"max-video-preview:-1"},"canonical":"https:\/\/salthish.es\/index.php\/2024\/05\/16\/open-paracanoe-en-almasora\/","og_locale":"es_ES","og_type":"article","og_title":"Open Paracanoe en Almasora - CLUB PIRAG\u00dcISMO SALTHISH PUNTA UMBR\u00cdA","og_description":"Iker Quintero Bocanegra representa a Punta Umbr\u00eda el 18 de mayo en Almasora, Valencia, participando en el Trofeo Nacional \u00abPirag\u00fcismta Erante\u00bb. Se desplaza junto a su compa\u00f1ero del C. D. Tartessos Huelva Ram\u00f3n Maestre Mendoza. Suerte y a disfrutar!!!!!!!!!","og_url":"https:\/\/salthish.es\/index.php\/2024\/05\/16\/open-paracanoe-en-almasora\/","og_site_name":"CLUB PIRAG\u00dcISMO SALTHISH PUNTA UMBR\u00cdA","article_published_time":"2024-05-16T11:34:40+00:00","article_modified_time":"2024-05-16T11:42:39+00:00","og_image":[{"width":1600,"height":1066,"url":"https:\/\/salthish.es\/wp-content\/uploads\/2024\/05\/WhatsApp-Image-2024-05-08-at-13.54.52.jpeg","type":"image\/jpeg"}],"author":"admin","twitter_card":"summary_large_image","twitter_misc":{"Escrito por":"admin","Tiempo de lectura":"1 minuto"},"schema":{"@context":"https:\/\/schema.org","@graph":[{"@type":"Article","@id":"https:\/\/salthish.es\/index.php\/2024\/05\/16\/open-paracanoe-en-almasora\/#article","isPartOf":{"@id":"https:\/\/salthish.es\/index.php\/2024\/05\/16\/open-paracanoe-en-almasora\/"},"author":{"name":"admin","@id":"https:\/\/salthish.es\/#\/schema\/person\/f0ee321fba369019f9c670130a460102"},"headline":"Open Paracanoe en Almasora","datePublished":"2024-05-16T11:34:40+00:00","dateModified":"2024-05-16T11:42:39+00:00","mainEntityOfPage":{"@id":"https:\/\/salthish.es\/index.php\/2024\/05\/16\/open-paracanoe-en-almasora\/"},"wordCount":46,"commentCount":0,"publisher":{"@id":"https:\/\/salthish.es\/#organization"},"image":{"@id":"https:\/\/salthish.es\/index.php\/2024\/05\/16\/open-paracanoe-en-almasora\/#primaryimage"},"thumbnailUrl":"https:\/\/salthish.es\/wp-content\/uploads\/2024\/05\/WhatsApp-Image-2024-05-08-at-13.54.52.jpeg","articleSection":["Uncategorized"],"inLanguage":"es","potentialAction":[{"@type":"CommentAction","name":"Comment","target":["https:\/\/salthish.es\/index.php\/2024\/05\/16\/open-paracanoe-en-almasora\/#respond"]}]},{"@type":"WebPage","@id":"https:\/\/salthish.es\/index.php\/2024\/05\/16\/open-paracanoe-en-almasora\/","url":"https:\/\/salthish.es\/index.php\/2024\/05\/16\/open-paracanoe-en-almasora\/","name":"Open Paracanoe en Almasora - CLUB PIRAG\u00dcISMO SALTHISH PUNTA UMBR\u00cdA","isPartOf":{"@id":"https:\/\/salthish.es\/#website"},"primaryImageOfPage":{"@id":"https:\/\/salthish.es\/index.php\/2024\/05\/16\/open-paracanoe-en-almasora\/#primaryimage"},"image":{"@id":"https:\/\/salthish.es\/index.php\/2024\/05\/16\/open-paracanoe-en-almasora\/#primaryimage"},"thumbnailUrl":"https:\/\/salthish.es\/wp-content\/uploads\/2024\/05\/WhatsApp-Image-2024-05-08-at-13.54.52.jpeg","datePublished":"2024-05-16T11:34:40+00:00","dateModified":"2024-05-16T11:42:39+00:00","breadcrumb":{"@id":"https:\/\/salthish.es\/index.php\/2024\/05\/16\/open-paracanoe-en-almasora\/#breadcrumb"},"inLanguage":"es","potentialAction":[{"@type":"ReadAction","target":["https:\/\/salthish.es\/index.php\/2024\/05\/16\/open-paracanoe-en-almasora\/"]}]},{"@type":"ImageObject","inLanguage":"es","@id":"https:\/\/salthish.es\/index.php\/2024\/05\/16\/open-paracanoe-en-almasora\/#primaryimage","url":"https:\/\/salthish.es\/wp-content\/uploads\/2024\/05\/WhatsApp-Image-2024-05-08-at-13.54.52.jpeg","contentUrl":"https:\/\/salthish.es\/wp-content\/uploads\/2024\/05\/WhatsApp-Image-2024-05-08-at-13.54.52.jpeg","width":1600,"height":1066},{"@type":"BreadcrumbList","@id":"https:\/\/salthish.es\/index.php\/2024\/05\/16\/open-paracanoe-en-almasora\/#breadcrumb","itemListElement":[{"@type":"ListItem","position":1,"name":"Portada","item":"https:\/\/salthish.es\/"},{"@type":"ListItem","position":2,"name":"Open Paracanoe en Almasora"}]},{"@type":"WebSite","@id":"https:\/\/salthish.es\/#website","url":"https:\/\/salthish.es\/","name":"CLUB PIRAG\u00dcISMO SALTHISH PUNTA UMBR\u00cdA","description":"Club destinado a la  practica, ense\u00f1anza y actividades del pirag\u00fcismo","publisher":{"@id":"https:\/\/salthish.es\/#organization"},"potentialAction":[{"@type":"SearchAction","target":{"@type":"EntryPoint","urlTemplate":"https:\/\/salthish.es\/?s={search_term_string}"},"query-input":{"@type":"PropertyValueSpecification","valueRequired":true,"valueName":"search_term_string"}}],"inLanguage":"es"},{"@type":"Organization","@id":"https:\/\/salthish.es\/#organization","name":"CLUB PIRAG\u00dcISMO SALTHISH PUNTA UMBR\u00cdA","url":"https:\/\/salthish.es\/","logo":{"@type":"ImageObject","inLanguage":"es","@id":"https:\/\/salthish.es\/#\/schema\/logo\/image\/","url":"https:\/\/salthish.es\/wp-content\/uploads\/2024\/05\/Logo-Monocromo.png","contentUrl":"https:\/\/salthish.es\/wp-content\/uploads\/2024\/05\/Logo-Monocromo.png","width":352,"height":352,"caption":"CLUB PIRAG\u00dcISMO SALTHISH PUNTA UMBR\u00cdA"},"image":{"@id":"https:\/\/salthish.es\/#\/schema\/logo\/image\/"}},{"@type":"Person","@id":"https:\/\/salthish.es\/#\/schema\/person\/f0ee321fba369019f9c670130a460102","name":"admin","image":{"@type":"ImageObject","inLanguage":"es","@id":"https:\/\/secure.gravatar.com\/avatar\/e9e43f25bb24372343af2ff6cdc5969a20bf03125fec5dbd5c56a8c7af1309c0?s=96&d=mm&r=g","url":"https:\/\/secure.gravatar.com\/avatar\/e9e43f25bb24372343af2ff6cdc5969a20bf03125fec5dbd5c56a8c7af1309c0?s=96&d=mm&r=g","contentUrl":"https:\/\/secure.gravatar.com\/avatar\/e9e43f25bb24372343af2ff6cdc5969a20bf03125fec5dbd5c56a8c7af1309c0?s=96&d=mm&r=g","caption":"admin"},"sameAs":["https:\/\/salthish.es"],"url":"https:\/\/salthish.es\/index.php\/author\/miguel\/"}]}},"jetpack_sharing_enabled":true,"jetpack_featured_media_url":"https:\/\/salthish.es\/wp-content\/uploads\/2024\/05\/WhatsApp-Image-2024-05-08-at-13.54.52.jpeg","_links":{"self":[{"href":"https:\/\/salthish.es\/index.php\/wp-json\/wp\/v2\/posts\/217","targetHints":{"allow":["GET"]}}],"collection":[{"href":"https:\/\/salthish.es\/index.php\/wp-json\/wp\/v2\/posts"}],"about":[{"href":"https:\/\/salthish.es\/index.php\/wp-json\/wp\/v2\/types\/post"}],"author":[{"embeddable":true,"href":"https:\/\/salthish.es\/index.php\/wp-json\/wp\/v2\/users\/1"}],"replies":[{"embeddable":true,"href":"https:\/\/salthish.es\/index.php\/wp-json\/wp\/v2\/comments?post=217"}],"version-history":[{"count":2,"href":"https:\/\/salthish.es\/index.php\/wp-json\/wp\/v2\/posts\/217\/revisions"}],"predecessor-version":[{"id":220,"href":"https:\/\/salthish.es\/index.php\/wp-json\/wp\/v2\/posts\/217\/revisions\/220"}],"wp:featuredmedia":[{"embeddable":true,"href":"https:\/\/salthish.es\/index.php\/wp-json\/wp\/v2\/media\/105"}],"wp:attachment":[{"href":"https:\/\/salthish.es\/index.php\/wp-json\/wp\/v2\/media?parent=217"}],"wp:term":[{"taxonomy":"category","embeddable":true,"href":"https:\/\/salthish.es\/index.php\/wp-json\/wp\/v2\/categories?post=217"},{"taxonomy":"post_tag","embeddable":true,"href":"https:\/\/salthish.es\/index.php\/wp-json\/wp\/v2\/tags?post=217"}],"curies":[{"name":"wp","href":"https:\/\/api.w.org\/{rel}","templated":true}]}}