{"id":1068,"date":"2025-08-25T08:00:55","date_gmt":"2025-08-25T08:00:55","guid":{"rendered":"https:\/\/salthish.es\/?p=1068"},"modified":"2025-08-25T08:00:57","modified_gmt":"2025-08-25T08:00:57","slug":"ii-regata-virgen-del-carmen","status":"publish","type":"post","link":"https:\/\/salthish.es\/index.php\/2025\/08\/25\/ii-regata-virgen-del-carmen\/","title":{"rendered":"II REGATA VIRGEN DEL CARMEN"},"content":{"rendered":"\n<p class=\"wp-block-paragraph\">Domingo 31 de agosto de 2025, 10:30 primera slaida.<\/p>\n\n\n\n<p class=\"wp-block-paragraph\">Este a\u00f1o la regata de \u00e1mbito local se disputar\u00e1 sobre 200 metros en la r\u00eda, zona diaria de entrenamiento, frente al yacimiento \u00abEl Eucaliptal\u00bb con la participaci\u00f3n de los palistas locales, amigos y nuevos palistas de la escuela de verano y Escuela Krill.<\/p>\n\n\n\n<p class=\"wp-block-paragraph\">Se realizaran entre 8 y 10 salidas, donde participar\u00e1n dichos palistas. Tras la regata se pasar\u00e1 a la convivencia entre los deportistas, tutores e invitados para proceder a la finalizaci\u00f3n de la misma a la entrega de medallas y diplomas.<\/p>\n\n\n\n<p class=\"wp-block-paragraph\">Otro a\u00f1o m\u00e1s, nos sentimos orgullosos de dedicar esta regata a nuestra patrona y tras recuperar este evento empezarlo a consolidar como cita en el calendario anual de actividades del club y de la localidad.<\/p>\n","protected":false},"excerpt":{"rendered":"<p>Domingo 31 de agosto de 2025, 10:30 primera slaida. Este a\u00f1o la regata de \u00e1mbito local se disputar\u00e1 sobre 200 metros en la r\u00eda, zona diaria de entrenamiento, frente al yacimiento \u00abEl Eucaliptal\u00bb con la participaci\u00f3n de los palistas locales, amigos y nuevos palistas de la escuela de verano y Escuela Krill. Se realizaran entre [&hellip;]<\/p>\n","protected":false},"author":1,"featured_media":1069,"comment_status":"open","ping_status":"open","sticky":false,"template":"","format":"standard","meta":{"_jetpack_newsletter_access":"","_jetpack_dont_email_post_to_subs":false,"_jetpack_newsletter_tier_id":0,"_jetpack_memberships_contains_paywalled_content":false,"_jetpack_memberships_contains_paid_content":false,"footnotes":""},"categories":[1],"tags":[],"class_list":["post-1068","post","type-post","status-publish","format-standard","has-post-thumbnail","hentry","category-uncategorized"],"yoast_head":"<!-- This site is optimized with the Yoast SEO plugin v28.3 - https:\/\/yoast.com\/product\/yoast-seo-wordpress\/ -->\n<title>II REGATA VIRGEN DEL CARMEN - CLUB PIRAG\u00dcISMO SALTHISH PUNTA UMBR\u00cdA<\/title>\n<meta name=\"robots\" content=\"index, follow, max-snippet:-1, max-image-preview:large, max-video-preview:-1\" \/>\n<link rel=\"canonical\" href=\"https:\/\/salthish.es\/index.php\/2025\/08\/25\/ii-regata-virgen-del-carmen\/\" \/>\n<meta property=\"og:locale\" content=\"es_ES\" \/>\n<meta property=\"og:type\" content=\"article\" \/>\n<meta property=\"og:title\" content=\"II REGATA VIRGEN DEL CARMEN - CLUB PIRAG\u00dcISMO SALTHISH PUNTA UMBR\u00cdA\" \/>\n<meta property=\"og:description\" content=\"Domingo 31 de agosto de 2025, 10:30 primera slaida. Este a\u00f1o la regata de \u00e1mbito local se disputar\u00e1 sobre 200 metros en la r\u00eda, zona diaria de entrenamiento, frente al yacimiento \u00abEl Eucaliptal\u00bb con la participaci\u00f3n de los palistas locales, amigos y nuevos palistas de la escuela de verano y Escuela Krill. Se realizaran entre [&hellip;]\" \/>\n<meta property=\"og:url\" content=\"https:\/\/salthish.es\/index.php\/2025\/08\/25\/ii-regata-virgen-del-carmen\/\" \/>\n<meta property=\"og:site_name\" content=\"CLUB PIRAG\u00dcISMO SALTHISH PUNTA UMBR\u00cdA\" \/>\n<meta property=\"article:published_time\" content=\"2025-08-25T08:00:55+00:00\" \/>\n<meta property=\"article:modified_time\" content=\"2025-08-25T08:00:57+00:00\" \/>\n<meta property=\"og:image\" content=\"https:\/\/salthish.es\/wp-content\/uploads\/2025\/08\/7d70fc94-d902-4452-91d6-bb434cf27291.jpg\" \/>\n\t<meta property=\"og:image:width\" content=\"1600\" \/>\n\t<meta property=\"og:image:height\" content=\"1131\" \/>\n\t<meta property=\"og:image:type\" content=\"image\/jpeg\" \/>\n<meta name=\"author\" content=\"admin\" \/>\n<meta name=\"twitter:card\" content=\"summary_large_image\" \/>\n<meta name=\"twitter:label1\" content=\"Escrito por\" \/>\n\t<meta name=\"twitter:data1\" content=\"admin\" \/>\n\t<meta name=\"twitter:label2\" content=\"Tiempo de lectura\" \/>\n\t<meta name=\"twitter:data2\" content=\"1 minuto\" \/>\n<script type=\"application\/ld+json\" class=\"yoast-schema-graph\">{\"@context\":\"https:\\\/\\\/schema.org\",\"@graph\":[{\"@type\":\"Article\",\"@id\":\"https:\\\/\\\/salthish.es\\\/index.php\\\/2025\\\/08\\\/25\\\/ii-regata-virgen-del-carmen\\\/#article\",\"isPartOf\":{\"@id\":\"https:\\\/\\\/salthish.es\\\/index.php\\\/2025\\\/08\\\/25\\\/ii-regata-virgen-del-carmen\\\/\"},\"author\":{\"name\":\"admin\",\"@id\":\"https:\\\/\\\/salthish.es\\\/#\\\/schema\\\/person\\\/f0ee321fba369019f9c670130a460102\"},\"headline\":\"II REGATA VIRGEN DEL CARMEN\",\"datePublished\":\"2025-08-25T08:00:55+00:00\",\"dateModified\":\"2025-08-25T08:00:57+00:00\",\"mainEntityOfPage\":{\"@id\":\"https:\\\/\\\/salthish.es\\\/index.php\\\/2025\\\/08\\\/25\\\/ii-regata-virgen-del-carmen\\\/\"},\"wordCount\":133,\"commentCount\":0,\"publisher\":{\"@id\":\"https:\\\/\\\/salthish.es\\\/#organization\"},\"image\":{\"@id\":\"https:\\\/\\\/salthish.es\\\/index.php\\\/2025\\\/08\\\/25\\\/ii-regata-virgen-del-carmen\\\/#primaryimage\"},\"thumbnailUrl\":\"https:\\\/\\\/salthish.es\\\/wp-content\\\/uploads\\\/2025\\\/08\\\/7d70fc94-d902-4452-91d6-bb434cf27291.jpg\",\"articleSection\":[\"Uncategorized\"],\"inLanguage\":\"es\",\"potentialAction\":[{\"@type\":\"CommentAction\",\"name\":\"Comment\",\"target\":[\"https:\\\/\\\/salthish.es\\\/index.php\\\/2025\\\/08\\\/25\\\/ii-regata-virgen-del-carmen\\\/#respond\"]}]},{\"@type\":\"WebPage\",\"@id\":\"https:\\\/\\\/salthish.es\\\/index.php\\\/2025\\\/08\\\/25\\\/ii-regata-virgen-del-carmen\\\/\",\"url\":\"https:\\\/\\\/salthish.es\\\/index.php\\\/2025\\\/08\\\/25\\\/ii-regata-virgen-del-carmen\\\/\",\"name\":\"II REGATA VIRGEN DEL CARMEN - CLUB PIRAG\u00dcISMO SALTHISH PUNTA UMBR\u00cdA\",\"isPartOf\":{\"@id\":\"https:\\\/\\\/salthish.es\\\/#website\"},\"primaryImageOfPage\":{\"@id\":\"https:\\\/\\\/salthish.es\\\/index.php\\\/2025\\\/08\\\/25\\\/ii-regata-virgen-del-carmen\\\/#primaryimage\"},\"image\":{\"@id\":\"https:\\\/\\\/salthish.es\\\/index.php\\\/2025\\\/08\\\/25\\\/ii-regata-virgen-del-carmen\\\/#primaryimage\"},\"thumbnailUrl\":\"https:\\\/\\\/salthish.es\\\/wp-content\\\/uploads\\\/2025\\\/08\\\/7d70fc94-d902-4452-91d6-bb434cf27291.jpg\",\"datePublished\":\"2025-08-25T08:00:55+00:00\",\"dateModified\":\"2025-08-25T08:00:57+00:00\",\"breadcrumb\":{\"@id\":\"https:\\\/\\\/salthish.es\\\/index.php\\\/2025\\\/08\\\/25\\\/ii-regata-virgen-del-carmen\\\/#breadcrumb\"},\"inLanguage\":\"es\",\"potentialAction\":[{\"@type\":\"ReadAction\",\"target\":[\"https:\\\/\\\/salthish.es\\\/index.php\\\/2025\\\/08\\\/25\\\/ii-regata-virgen-del-carmen\\\/\"]}]},{\"@type\":\"ImageObject\",\"inLanguage\":\"es\",\"@id\":\"https:\\\/\\\/salthish.es\\\/index.php\\\/2025\\\/08\\\/25\\\/ii-regata-virgen-del-carmen\\\/#primaryimage\",\"url\":\"https:\\\/\\\/salthish.es\\\/wp-content\\\/uploads\\\/2025\\\/08\\\/7d70fc94-d902-4452-91d6-bb434cf27291.jpg\",\"contentUrl\":\"https:\\\/\\\/salthish.es\\\/wp-content\\\/uploads\\\/2025\\\/08\\\/7d70fc94-d902-4452-91d6-bb434cf27291.jpg\",\"width\":1600,\"height\":1131},{\"@type\":\"BreadcrumbList\",\"@id\":\"https:\\\/\\\/salthish.es\\\/index.php\\\/2025\\\/08\\\/25\\\/ii-regata-virgen-del-carmen\\\/#breadcrumb\",\"itemListElement\":[{\"@type\":\"ListItem\",\"position\":1,\"name\":\"Portada\",\"item\":\"https:\\\/\\\/salthish.es\\\/\"},{\"@type\":\"ListItem\",\"position\":2,\"name\":\"II REGATA VIRGEN DEL CARMEN\"}]},{\"@type\":\"WebSite\",\"@id\":\"https:\\\/\\\/salthish.es\\\/#website\",\"url\":\"https:\\\/\\\/salthish.es\\\/\",\"name\":\"CLUB PIRAG\u00dcISMO SALTHISH PUNTA UMBR\u00cdA\",\"description\":\"Club destinado a la  practica, ense\u00f1anza y actividades del pirag\u00fcismo\",\"publisher\":{\"@id\":\"https:\\\/\\\/salthish.es\\\/#organization\"},\"potentialAction\":[{\"@type\":\"SearchAction\",\"target\":{\"@type\":\"EntryPoint\",\"urlTemplate\":\"https:\\\/\\\/salthish.es\\\/?s={search_term_string}\"},\"query-input\":{\"@type\":\"PropertyValueSpecification\",\"valueRequired\":true,\"valueName\":\"search_term_string\"}}],\"inLanguage\":\"es\"},{\"@type\":\"Organization\",\"@id\":\"https:\\\/\\\/salthish.es\\\/#organization\",\"name\":\"CLUB PIRAG\u00dcISMO SALTHISH PUNTA UMBR\u00cdA\",\"url\":\"https:\\\/\\\/salthish.es\\\/\",\"logo\":{\"@type\":\"ImageObject\",\"inLanguage\":\"es\",\"@id\":\"https:\\\/\\\/salthish.es\\\/#\\\/schema\\\/logo\\\/image\\\/\",\"url\":\"https:\\\/\\\/salthish.es\\\/wp-content\\\/uploads\\\/2024\\\/05\\\/Logo-Monocromo.png\",\"contentUrl\":\"https:\\\/\\\/salthish.es\\\/wp-content\\\/uploads\\\/2024\\\/05\\\/Logo-Monocromo.png\",\"width\":352,\"height\":352,\"caption\":\"CLUB PIRAG\u00dcISMO SALTHISH PUNTA UMBR\u00cdA\"},\"image\":{\"@id\":\"https:\\\/\\\/salthish.es\\\/#\\\/schema\\\/logo\\\/image\\\/\"}},{\"@type\":\"Person\",\"@id\":\"https:\\\/\\\/salthish.es\\\/#\\\/schema\\\/person\\\/f0ee321fba369019f9c670130a460102\",\"name\":\"admin\",\"image\":{\"@type\":\"ImageObject\",\"inLanguage\":\"es\",\"@id\":\"https:\\\/\\\/secure.gravatar.com\\\/avatar\\\/e9e43f25bb24372343af2ff6cdc5969a20bf03125fec5dbd5c56a8c7af1309c0?s=96&d=mm&r=g\",\"url\":\"https:\\\/\\\/secure.gravatar.com\\\/avatar\\\/e9e43f25bb24372343af2ff6cdc5969a20bf03125fec5dbd5c56a8c7af1309c0?s=96&d=mm&r=g\",\"contentUrl\":\"https:\\\/\\\/secure.gravatar.com\\\/avatar\\\/e9e43f25bb24372343af2ff6cdc5969a20bf03125fec5dbd5c56a8c7af1309c0?s=96&d=mm&r=g\",\"caption\":\"admin\"},\"sameAs\":[\"https:\\\/\\\/salthish.es\"],\"url\":\"https:\\\/\\\/salthish.es\\\/index.php\\\/author\\\/miguel\\\/\"}]}<\/script>\n<!-- \/ Yoast SEO plugin. -->","yoast_head_json":{"title":"II REGATA VIRGEN DEL CARMEN - CLUB PIRAG\u00dcISMO SALTHISH PUNTA UMBR\u00cdA","robots":{"index":"index","follow":"follow","max-snippet":"max-snippet:-1","max-image-preview":"max-image-preview:large","max-video-preview":"max-video-preview:-1"},"canonical":"https:\/\/salthish.es\/index.php\/2025\/08\/25\/ii-regata-virgen-del-carmen\/","og_locale":"es_ES","og_type":"article","og_title":"II REGATA VIRGEN DEL CARMEN - CLUB PIRAG\u00dcISMO SALTHISH PUNTA UMBR\u00cdA","og_description":"Domingo 31 de agosto de 2025, 10:30 primera slaida. Este a\u00f1o la regata de \u00e1mbito local se disputar\u00e1 sobre 200 metros en la r\u00eda, zona diaria de entrenamiento, frente al yacimiento \u00abEl Eucaliptal\u00bb con la participaci\u00f3n de los palistas locales, amigos y nuevos palistas de la escuela de verano y Escuela Krill. Se realizaran entre [&hellip;]","og_url":"https:\/\/salthish.es\/index.php\/2025\/08\/25\/ii-regata-virgen-del-carmen\/","og_site_name":"CLUB PIRAG\u00dcISMO SALTHISH PUNTA UMBR\u00cdA","article_published_time":"2025-08-25T08:00:55+00:00","article_modified_time":"2025-08-25T08:00:57+00:00","og_image":[{"width":1600,"height":1131,"url":"https:\/\/salthish.es\/wp-content\/uploads\/2025\/08\/7d70fc94-d902-4452-91d6-bb434cf27291.jpg","type":"image\/jpeg"}],"author":"admin","twitter_card":"summary_large_image","twitter_misc":{"Escrito por":"admin","Tiempo de lectura":"1 minuto"},"schema":{"@context":"https:\/\/schema.org","@graph":[{"@type":"Article","@id":"https:\/\/salthish.es\/index.php\/2025\/08\/25\/ii-regata-virgen-del-carmen\/#article","isPartOf":{"@id":"https:\/\/salthish.es\/index.php\/2025\/08\/25\/ii-regata-virgen-del-carmen\/"},"author":{"name":"admin","@id":"https:\/\/salthish.es\/#\/schema\/person\/f0ee321fba369019f9c670130a460102"},"headline":"II REGATA VIRGEN DEL CARMEN","datePublished":"2025-08-25T08:00:55+00:00","dateModified":"2025-08-25T08:00:57+00:00","mainEntityOfPage":{"@id":"https:\/\/salthish.es\/index.php\/2025\/08\/25\/ii-regata-virgen-del-carmen\/"},"wordCount":133,"commentCount":0,"publisher":{"@id":"https:\/\/salthish.es\/#organization"},"image":{"@id":"https:\/\/salthish.es\/index.php\/2025\/08\/25\/ii-regata-virgen-del-carmen\/#primaryimage"},"thumbnailUrl":"https:\/\/salthish.es\/wp-content\/uploads\/2025\/08\/7d70fc94-d902-4452-91d6-bb434cf27291.jpg","articleSection":["Uncategorized"],"inLanguage":"es","potentialAction":[{"@type":"CommentAction","name":"Comment","target":["https:\/\/salthish.es\/index.php\/2025\/08\/25\/ii-regata-virgen-del-carmen\/#respond"]}]},{"@type":"WebPage","@id":"https:\/\/salthish.es\/index.php\/2025\/08\/25\/ii-regata-virgen-del-carmen\/","url":"https:\/\/salthish.es\/index.php\/2025\/08\/25\/ii-regata-virgen-del-carmen\/","name":"II REGATA VIRGEN DEL CARMEN - CLUB PIRAG\u00dcISMO SALTHISH PUNTA UMBR\u00cdA","isPartOf":{"@id":"https:\/\/salthish.es\/#website"},"primaryImageOfPage":{"@id":"https:\/\/salthish.es\/index.php\/2025\/08\/25\/ii-regata-virgen-del-carmen\/#primaryimage"},"image":{"@id":"https:\/\/salthish.es\/index.php\/2025\/08\/25\/ii-regata-virgen-del-carmen\/#primaryimage"},"thumbnailUrl":"https:\/\/salthish.es\/wp-content\/uploads\/2025\/08\/7d70fc94-d902-4452-91d6-bb434cf27291.jpg","datePublished":"2025-08-25T08:00:55+00:00","dateModified":"2025-08-25T08:00:57+00:00","breadcrumb":{"@id":"https:\/\/salthish.es\/index.php\/2025\/08\/25\/ii-regata-virgen-del-carmen\/#breadcrumb"},"inLanguage":"es","potentialAction":[{"@type":"ReadAction","target":["https:\/\/salthish.es\/index.php\/2025\/08\/25\/ii-regata-virgen-del-carmen\/"]}]},{"@type":"ImageObject","inLanguage":"es","@id":"https:\/\/salthish.es\/index.php\/2025\/08\/25\/ii-regata-virgen-del-carmen\/#primaryimage","url":"https:\/\/salthish.es\/wp-content\/uploads\/2025\/08\/7d70fc94-d902-4452-91d6-bb434cf27291.jpg","contentUrl":"https:\/\/salthish.es\/wp-content\/uploads\/2025\/08\/7d70fc94-d902-4452-91d6-bb434cf27291.jpg","width":1600,"height":1131},{"@type":"BreadcrumbList","@id":"https:\/\/salthish.es\/index.php\/2025\/08\/25\/ii-regata-virgen-del-carmen\/#breadcrumb","itemListElement":[{"@type":"ListItem","position":1,"name":"Portada","item":"https:\/\/salthish.es\/"},{"@type":"ListItem","position":2,"name":"II REGATA VIRGEN DEL CARMEN"}]},{"@type":"WebSite","@id":"https:\/\/salthish.es\/#website","url":"https:\/\/salthish.es\/","name":"CLUB PIRAG\u00dcISMO SALTHISH PUNTA UMBR\u00cdA","description":"Club destinado a la  practica, ense\u00f1anza y actividades del pirag\u00fcismo","publisher":{"@id":"https:\/\/salthish.es\/#organization"},"potentialAction":[{"@type":"SearchAction","target":{"@type":"EntryPoint","urlTemplate":"https:\/\/salthish.es\/?s={search_term_string}"},"query-input":{"@type":"PropertyValueSpecification","valueRequired":true,"valueName":"search_term_string"}}],"inLanguage":"es"},{"@type":"Organization","@id":"https:\/\/salthish.es\/#organization","name":"CLUB PIRAG\u00dcISMO SALTHISH PUNTA UMBR\u00cdA","url":"https:\/\/salthish.es\/","logo":{"@type":"ImageObject","inLanguage":"es","@id":"https:\/\/salthish.es\/#\/schema\/logo\/image\/","url":"https:\/\/salthish.es\/wp-content\/uploads\/2024\/05\/Logo-Monocromo.png","contentUrl":"https:\/\/salthish.es\/wp-content\/uploads\/2024\/05\/Logo-Monocromo.png","width":352,"height":352,"caption":"CLUB PIRAG\u00dcISMO SALTHISH PUNTA UMBR\u00cdA"},"image":{"@id":"https:\/\/salthish.es\/#\/schema\/logo\/image\/"}},{"@type":"Person","@id":"https:\/\/salthish.es\/#\/schema\/person\/f0ee321fba369019f9c670130a460102","name":"admin","image":{"@type":"ImageObject","inLanguage":"es","@id":"https:\/\/secure.gravatar.com\/avatar\/e9e43f25bb24372343af2ff6cdc5969a20bf03125fec5dbd5c56a8c7af1309c0?s=96&d=mm&r=g","url":"https:\/\/secure.gravatar.com\/avatar\/e9e43f25bb24372343af2ff6cdc5969a20bf03125fec5dbd5c56a8c7af1309c0?s=96&d=mm&r=g","contentUrl":"https:\/\/secure.gravatar.com\/avatar\/e9e43f25bb24372343af2ff6cdc5969a20bf03125fec5dbd5c56a8c7af1309c0?s=96&d=mm&r=g","caption":"admin"},"sameAs":["https:\/\/salthish.es"],"url":"https:\/\/salthish.es\/index.php\/author\/miguel\/"}]}},"jetpack_sharing_enabled":true,"jetpack_featured_media_url":"https:\/\/salthish.es\/wp-content\/uploads\/2025\/08\/7d70fc94-d902-4452-91d6-bb434cf27291.jpg","_links":{"self":[{"href":"https:\/\/salthish.es\/index.php\/wp-json\/wp\/v2\/posts\/1068","targetHints":{"allow":["GET"]}}],"collection":[{"href":"https:\/\/salthish.es\/index.php\/wp-json\/wp\/v2\/posts"}],"about":[{"href":"https:\/\/salthish.es\/index.php\/wp-json\/wp\/v2\/types\/post"}],"author":[{"embeddable":true,"href":"https:\/\/salthish.es\/index.php\/wp-json\/wp\/v2\/users\/1"}],"replies":[{"embeddable":true,"href":"https:\/\/salthish.es\/index.php\/wp-json\/wp\/v2\/comments?post=1068"}],"version-history":[{"count":1,"href":"https:\/\/salthish.es\/index.php\/wp-json\/wp\/v2\/posts\/1068\/revisions"}],"predecessor-version":[{"id":1070,"href":"https:\/\/salthish.es\/index.php\/wp-json\/wp\/v2\/posts\/1068\/revisions\/1070"}],"wp:featuredmedia":[{"embeddable":true,"href":"https:\/\/salthish.es\/index.php\/wp-json\/wp\/v2\/media\/1069"}],"wp:attachment":[{"href":"https:\/\/salthish.es\/index.php\/wp-json\/wp\/v2\/media?parent=1068"}],"wp:term":[{"taxonomy":"category","embeddable":true,"href":"https:\/\/salthish.es\/index.php\/wp-json\/wp\/v2\/categories?post=1068"},{"taxonomy":"post_tag","embeddable":true,"href":"https:\/\/salthish.es\/index.php\/wp-json\/wp\/v2\/tags?post=1068"}],"curies":[{"name":"wp","href":"https:\/\/api.w.org\/{rel}","templated":true}]}}